{"id":2967,"date":"2015-02-04T11:45:07","date_gmt":"2015-02-04T10:45:07","guid":{"rendered":"https:\/\/srcekrajine.org\/?p=2967"},"modified":"2015-02-04T12:44:11","modified_gmt":"2015-02-04T11:44:11","slug":"prognani-u-oluji-osudeni-na-vecnu-nepravdu","status":"publish","type":"post","link":"https:\/\/srcekrajine.org\/?p=2967","title":{"rendered":"Prognani u \u201cOluji\u201d osu\u0111eni na ve\u010dnu nepravdu"},"content":{"rendered":"<p><span class=\"author\">Milena MARKOVI\u0106<\/span> | 04. februar 2015.<\/p>\n<p><strong>Reporteri &#8222;Novosti&#8220; sa prognanicima iz Krajine, u izbegli\u010dkom centru Krnja\u010da. Sve ostaje isto, kao da smo se sami ubijali, govore utu\u010deno<\/strong><\/p>\n<div class=\"social_bar\">\n<div class=\"gg_plus\">\n<div class=\"imgb\"><a class=\"verticalArticleImage cboxElement\" href=\"http:\/\/www.novosti.rs\/upload\/images\/2015\/\/02\/03n\/osudjeni-nepravda.jpg\"><img decoding=\"async\" src=\"http:\/\/www.novosti.rs\/upload\/thumbs\/images\/2015\/\/02\/03n\/osudjeni-nepravda_620x0.jpg\" alt=\" Prognanici \u017eive u te\u0161kim uslovima \/ Foto: Aleksa STANKOVI\u0106\" \/> <\/a><\/div>\n<div class=\"imgb\">\n<p>DA ste me pitali \u0161ta \u0107e biti posle presude u Hagu, odgovorila bih vam: bi\u0107e isto kao \u0161to je bilo. Sudbina nas prognanika iz Hrvatske zape\u010da\u0107ena je u ovim izbegli\u010dkim sobama. Ovde, mi, nekada\u0161nji srpski doma\u0107ini \u010dekamo porcije dnevnog sledovanja. Ni da ih primi\u0161, ni da ih vrati\u0161. Ni da \u017eivi\u0161, ni da umre\u0161&#8230; No\u0107u sanjamo svoja nekada\u0161nja imanja koja nam niko ne vra\u0107a i ne pla\u0107a. Ujutro, jastuci su mokri. Prevr\u0107emo ih i su\u0161imo&#8230; I, tako svih ovih godina.<\/p>\n<div class=\"inlineBanner\">\u00a0<!--more--><\/p>\n<div class=\"social_bar\">\n<div class=\"gg_plus\">\n<div class=\"imgb\">\n<p>Izbegli\u010dki centar Krnja\u010da kod Beograda. Draginju Ivkovi\u0107 zati\u010demo u trenucima izricanja presude Me\u0111unarodnog suda u Hagu. Ona zna \u0161ta je tu\u017eba Hrvatske i kontratu\u017eba Srbije za genocid. Svaku vest o ovom sporu pratila je od po\u010detka. Slu\u0161ala \u0161ta o tome govore njene kom\u0161ije iz soba i baraka, njihovog poslednjeg i jedinog uto\u010di\u0161ta. \u0106utala i slu\u0161ala: &#8222;I tu\u017eba Hrvatske i kontratu\u017eba Srbije &#8211; bi\u0107e odbijene. Ni Hrvatska ni Srbija nisu po\u010dinile genocid&#8220;.<\/p>\n<p>Draginju Ivkovi\u0107 presuda iz Haga nije, ni za trenutak, umirila.<\/p>\n<p>&#8211; A kako se zove to \u0161to desetine hiljada Srba vi\u0161e nisu u svojim ku\u0107ama? Kako se zove to \u0161to oni koji se vrate \u017eive pod u\u017easnim pritiskom, prinu\u0111eni da ponovo odu? Otuda, gde su im \u017eiveli preci, a potomci im tra\u017ee vize za neke daleke zemlje. Kako se to zove, kad te proteraju i uzmu sve.<\/p>\n<p>Draginja Ivkovi\u0107 je iz Kraji\u0161kih Br\u0111ana, sa Banije. Njoj se vra\u0107aju slike progona. U\u017easne slike s kojima \u017eivi i s kojima \u0107e umreti.<\/p>\n<p>&#8211; Ku\u0107a. Imanje. Traktori i prikolice&#8230; Stoka&#8230; Nije to za nas, srpske doma\u0107ine sa Banije, tek bilo kakva stoka. To je na\u0161e blago&#8230; Imala sam osam krava. Prepune obore i ambare. Krave su ostale vezane. Mislila sam, vrati\u0107emo se za koji dan&#8230;<\/p>\n<p><strong>Taj, koji dan, bile su godine.<\/strong><\/p>\n<p>&nbsp;<\/p>\n<p><em><strong>U Hrvatskoj po\u010dinjen genocid nad Srbima<\/strong><\/em><\/p>\n<p>03.02.2015.<\/p>\n<p>Autor: Agencija TANJUG<\/p>\n<p>BEOGRAD &#8211; Predsednik Republike Srpske Milorad Dodik izjavio je danas da je 90-tih godina pro\u0161log veka nad Srbima u Hrvatskoj po\u010dinjen genocid, oni su raseljeni i o tome svedo\u010de istorijske, populacione, imovinske i druge \u010dinjenice &#8211; Srbi su nestali sa ogromnog prostora koji danas \u010dini Republiku Hrvatsku.<\/p>\n<p>&#8222;A da ne govorimo o \u010dinjenici vezanoj za Drugi svetski rat i nikada presu\u0111enog, nikada vo\u0111enog postupka vezanog za logor Jasenovac, gde je pobijen ogroman broj Srba i gde su gotovo \u010ditavi prostori ispra\u017enjeni i u dana\u0161njoj Republici Srpskoj i u Hrvatskoj, kako bi se pobio jedan narod&#8220;, rekao je Dodik u zajedni\u010dkom obra\u0107anju srpskoj javnosti nakon izricanja presude Me\u0111unarodnog suda pravde u Hagu po uzajamnim tu\u017ebama Hrvatske i Srbije za genocid izvr\u0161en na hrvatskoj teritoriji od 1991. godine do 1995. godine.<\/p>\n<\/div>\n<\/div>\n<\/div>\n<p><!--more--><\/p>\n<\/div>\n<\/div>\n<\/div>\n<\/div>\n","protected":false},"excerpt":{"rendered":"<p>Milena MARKOVI\u0106 | 04. februar 2015. Reporteri &#8222;Novosti&#8220; sa prognanicima iz Krajine, u izbegli\u010dkom centru Krnja\u010da. Sve ostaje isto, kao da smo se sami ubijali, govore utu\u010deno DA ste me pitali \u0161ta \u0107e biti posle presude u Hagu, odgovorila bih vam: bi\u0107e isto kao \u0161to je bilo. Sudbina nas prognanika iz Hrvatske zape\u010da\u0107ena je u [&hellip;]<\/p>\n","protected":false},"author":2,"featured_media":0,"comment_status":"open","ping_status":"open","sticky":false,"template":"","format":"standard","meta":{"footnotes":""},"categories":[9],"tags":[],"_links":{"self":[{"href":"https:\/\/srcekrajine.org\/index.php?rest_route=\/wp\/v2\/posts\/2967"}],"collection":[{"href":"https:\/\/srcekrajine.org\/index.php?rest_route=\/wp\/v2\/posts"}],"about":[{"href":"https:\/\/srcekrajine.org\/index.php?rest_route=\/wp\/v2\/types\/post"}],"author":[{"embeddable":true,"href":"https:\/\/srcekrajine.org\/index.php?rest_route=\/wp\/v2\/users\/2"}],"replies":[{"embeddable":true,"href":"https:\/\/srcekrajine.org\/index.php?rest_route=%2Fwp%2Fv2%2Fcomments&post=2967"}],"version-history":[{"count":3,"href":"https:\/\/srcekrajine.org\/index.php?rest_route=\/wp\/v2\/posts\/2967\/revisions"}],"predecessor-version":[{"id":2970,"href":"https:\/\/srcekrajine.org\/index.php?rest_route=\/wp\/v2\/posts\/2967\/revisions\/2970"}],"wp:attachment":[{"href":"https:\/\/srcekrajine.org\/index.php?rest_route=%2Fwp%2Fv2%2Fmedia&parent=2967"}],"wp:term":[{"taxonomy":"category","embeddable":true,"href":"https:\/\/srcekrajine.org\/index.php?rest_route=%2Fwp%2Fv2%2Fcategories&post=2967"},{"taxonomy":"post_tag","embeddable":true,"href":"https:\/\/srcekrajine.org\/index.php?rest_route=%2Fwp%2Fv2%2Ftags&post=2967"}],"curies":[{"name":"wp","href":"https:\/\/api.w.org\/{rel}","templated":true}]}}