{"id":2973,"date":"2015-02-05T22:57:31","date_gmt":"2015-02-05T21:57:31","guid":{"rendered":"https:\/\/srcekrajine.org\/?p=2973"},"modified":"2015-02-05T22:57:31","modified_gmt":"2015-02-05T21:57:31","slug":"beogradani-svakog-dana-prolaze-kroz-grobnicu-a-ne-sanjaju-da-znaju-pokojnike","status":"publish","type":"post","link":"https:\/\/srcekrajine.org\/?p=2973","title":{"rendered":"Beogra\u0111ani svakog dana prolaze kroz GROBNICU, a ne sanjaju da &#8222;znaju&#8220; pokojnike!"},"content":{"rendered":"<div class=\"lead m20\">Ne tr\u010dite kroz podvo\u017enjak u ulici Tadeu\u0161a Ko\u0161\u0107u\u0161ke. Uti\u0161ajte osmeh, pognite glavu. Hodate kroz grob. Pokojnike sigurno znate, makar iz pri\u010de. Heroji Beograda koje je neprijateljska vatra zakopala, le\u017eali bi pod zemljom i zaboravom da ih sasvim slu\u010dajno nije otkopao jedan obrt sudbine.<\/div>\n<div id=\"newsContent\" class=\"m-top20 twelvecol\">\n<div class=\"mceNonEditable pluginContainer imagePlugin fullWidth\" data-image-id=\"8109\">\n<figure class=\"editorPlugin\" title=\"Podvo\u017enjak na Dor\u0107olu\" data-media=\"\/resources\/images\/0000\/008\/109\/Prolaz Tadeus Koscuska N. Radenkovic 05022015_400x0.jpg\" data-media440=\"\/resources\/images\/0000\/008\/109\/Prolaz Tadeus Koscuska N. Radenkovic 05022015_450x0.jpg\" data-media900=\"\/resources\/images\/0000\/008\/109\/Prolaz Tadeus Koscuska N. Radenkovic 05022015_1000x0.jpg\"><img loading=\"lazy\" decoding=\"async\" class=\"editorPlugin\" src=\"http:\/\/www.24sata.rs\/resources\/images\/0000\/008\/109\/Prolaz%20Tadeus%20Koscuska%20N.%20Radenkovic%2005022015_1000x0.jpg\" alt=\"Podvo\u017enjak na Dor\u0107olu\" width=\"1000\" height=\"666\" \/><\/figure>\n<p><span class=\"mceEditable image-plugin-description\">Podvo\u017enjak na Dor\u0107olu iza \u010dijih zidova se krije grobnica, Foto: Nemanja Radenkovi\u0107<\/span><\/div>\n<p>Bilo je to skoro po merilima istorije, tek \u0161to je po\u010dela 1934. godina. Tek \u0161to su krenuli i radovi na podvo\u017enjaku u ulici Tadeu\u0161a Ko\u0161\u0107u\u0161ke kada su radnici zaustavili kopanje. Nai\u0161li su na lobanju, par cokula, dve bombe, jednu \u010duturu toliko \u010dvrsto zape\u010da\u0107enu da je, pisale su &#8222;Novosti&#8220;, i dvadeset godina kasnije u njoj i dalje bila voda. Kosti ne mogu da govore, ali kada su shvatili \u0161ta su iskopali, radnici su zanemeli. Bageri su u\u0107utali. Vrisnulo je ono \u0161to je tim skeletima 1915. godine re\u010deno. I \u0161to je ponavljano srpskoj deci svim generacijama potom.<\/p>\n<p><!--more--><\/p>\n<div class=\"mceNonEditable pluginContainer antrfilePlugin antrfileleft\" data-antrfile-plugin=\"1\">\n<div class=\"mceEditable\">\n<p><strong>Dan kada je Beograd goreo<\/strong><\/p>\n<p>Petog oktobra 1915. na prestonicu je ispaljeno 30.000 granata, zgrade su prevarane u prah i pepeo. U susret ljudima koji su be\u017eali da spasu \u017eivu glavu na Dunavski kej tr\u010dali su delovi 10. i 7. puka, ostaci Sremskog odreda i ostaci \u017dandarmerijskog odreda. Gotovo svi su<\/p>\n<\/div>\n<\/div>\n<p>&#8222;Vojnici! Junaci! Vrhovna komanda izbrisala je na\u0161 puk iz brojnog stanja, na\u0161 puk je \u017ertvovan za \u010dast Beograda i Otad\u017ebine. Vi nemate vi\u0161e da se brinete za \u017eivote va\u0161e, oni vi\u0161e ne postoje&#8220;, rekao je tim kostima major Dragutin Gavrilovi\u0107 1915. godine. On je rekao, mi &#8211; zaboravili.<\/p>\n<p>U zemlji ispod samog podvo\u017enjaka prona\u0111eno je ukupno 60 skeleta branilaca Beograda. Poslednjim atomima snage, tu gde su se nekada pravili borci, danas se prave bare. Pre 100 godina oko tog mesta Beograd je goreo.<\/p>\n<div class=\"mceNonEditable pluginContainer imagePlugin fullWidth\" data-image-id=\"8108\">\n<figure class=\"editorPlugin\" title=\"Podvo\u017enjak na Dor\u0107olu\" data-media=\"\/resources\/images\/0000\/008\/108\/Prolaz Tadeus Koscuska N. Radenkovic 05022015_2_400x0.jpg\" data-media440=\"\/resources\/images\/0000\/008\/108\/Prolaz Tadeus Koscuska N. Radenkovic 05022015_2_450x0.jpg\" data-media900=\"\/resources\/images\/0000\/008\/108\/Prolaz Tadeus Koscuska N. Radenkovic 05022015_2_1000x0.jpg\"><img loading=\"lazy\" decoding=\"async\" class=\"editorPlugin\" src=\"http:\/\/www.24sata.rs\/resources\/images\/0000\/008\/108\/Prolaz%20Tadeus%20Koscuska%20N.%20Radenkovic%2005022015_2_1000x0.jpg\" alt=\"Podvo\u017enjak na Dor\u0107olu\" width=\"1000\" height=\"561\" \/><\/figure>\n<p><span class=\"mceEditable image-plugin-description\">Podvo\u017enjak na Dor\u0107olu, Foto: Nemanja Radenkovi\u0107<\/span><\/div>\n<p>&#8222;Taj prizor, tu strahotu, nisam nikada uspeo da potisnem iz se\u0107anja. Na moje o\u010di, desetak metara od mene, pogibe moj komandir, potporu\u010dnik Milan Eri\u0107: granata ga dohvati, podi\u017ee uvis i rastavi na komade&#8230; I danas mi u u\u0161ima zabruji njegova zapovest: &#8216;Pazi, mom\u010de, osmatraj, budi na oprezu, ali ne ga\u0111aj bez moje komande. Pusti\u0107emo ih da se pribli\u017ee. Onda plotun, a ti raspali&#8217;&#8230; Kad pogibe potporu\u010dnik Eri\u0107, nije pro\u0161lo ni pet minuta, navalila sila, grabi uz prugu i nasip. Misle: satrveni smo, pobila nas artiljerija, pa carskoj sili oslobodila prolaz. \u0106utimo i \u010dekamo. Tek kad su bili na tridesetak metara, onda plotuni. Pustim dug rafal, gledam kako padaju, \u010dujem jauke, pa \u0161apu\u0107em: &#8222;Ovo je za potporu\u010dnika Eri\u0107a&#8230;&#8220;, stoji svedo\u010danstvo u knjizi &#8222;Za \u010dast otad\u017ebine&#8220; autora Antonija \u0110uri\u0107a.<\/p>\n<p>Vojnici su pucali dok im se mitraljezi ne bi usijali. Samo su rafali svedo\u010dili da ih i dalje ima \u017eivih. Jedan po jedan, mitraljez bi u\u0107utao. Skoro svi su poginuli.<\/p>\n<div class=\"mceNonEditable pluginContainer imagePlugin fullWidth\" data-image-id=\"8110\">\n<figure class=\"editorPlugin\" title=\"Podvo\u017enjak na Dor\u0107olu\" data-media=\"\/resources\/images\/0000\/008\/110\/Prolaz Tadeus Koscuska N. Radenkovic 05022015_1_400x0.jpg\" data-media440=\"\/resources\/images\/0000\/008\/110\/Prolaz Tadeus Koscuska N. Radenkovic 05022015_1_450x0.jpg\" data-media900=\"\/resources\/images\/0000\/008\/110\/Prolaz Tadeus Koscuska N. Radenkovic 05022015_1_1000x0.jpg\"><img loading=\"lazy\" decoding=\"async\" class=\"editorPlugin\" src=\"http:\/\/www.24sata.rs\/resources\/images\/0000\/008\/110\/Prolaz%20Tadeus%20Koscuska%20N.%20Radenkovic%2005022015_1_1000x0.jpg\" alt=\"Podvo\u017enjak na Dor\u0107olu\" width=\"1000\" height=\"687\" \/><\/figure>\n<p><span class=\"mceEditable image-plugin-description\">Podvo\u017enjak na Dor\u0107olu, Foto: Nemanja Radenkovi\u0107<\/span><\/div>\n<p>Udru\u017eenje branilaca Beograda podiglo je 1934. godine spomen plo\u010du palim drugovima. Ona je danas zaboravljena, me\u0111u \u0161trokom i izduvnim gasovima. Sa obe strane betonskih zidina je po\u010divali\u0161te boraca.<\/p>\n<p>Kosti onih koji su prona\u0111eni preneti su u spomen kosturnicu na Novom groblju. Ona je posve\u0107ena braniocima Beograda i podignuta 1931. godine, a u njoj su pohranjene kosti 3.529 identifikovana i 1.074 neidentifikovana srpska vojnika.<\/p>\n<p>Ostaci mnogih heroja koji su se \u017ertvovali u borbi za odbranu Beograda nikada nisu prona\u0111eni.<\/p>\n<p>I zato ne tr\u010dite kroz podvo\u017enjak u ulici Tadeu\u0161a Ko\u0161ku\u0161ka. Polako, ne\u0107e kej nigde. Odajte po\u0161tu onima koji su na tom mestu za vas dali sve.<\/p>\n<\/div>\n<p>&nbsp;<\/p>\n","protected":false},"excerpt":{"rendered":"<p>Ne tr\u010dite kroz podvo\u017enjak u ulici Tadeu\u0161a Ko\u0161\u0107u\u0161ke. Uti\u0161ajte osmeh, pognite glavu. Hodate kroz grob. Pokojnike sigurno znate, makar iz pri\u010de. Heroji Beograda koje je neprijateljska vatra zakopala, le\u017eali bi pod zemljom i zaboravom da ih sasvim slu\u010dajno nije otkopao jedan obrt sudbine. Podvo\u017enjak na Dor\u0107olu iza \u010dijih zidova se krije grobnica, Foto: Nemanja Radenkovi\u0107 [&hellip;]<\/p>\n","protected":false},"author":1,"featured_media":0,"comment_status":"open","ping_status":"open","sticky":false,"template":"","format":"standard","meta":{"footnotes":""},"categories":[10],"tags":[],"_links":{"self":[{"href":"https:\/\/srcekrajine.org\/index.php?rest_route=\/wp\/v2\/posts\/2973"}],"collection":[{"href":"https:\/\/srcekrajine.org\/index.php?rest_route=\/wp\/v2\/posts"}],"about":[{"href":"https:\/\/srcekrajine.org\/index.php?rest_route=\/wp\/v2\/types\/post"}],"author":[{"embeddable":true,"href":"https:\/\/srcekrajine.org\/index.php?rest_route=\/wp\/v2\/users\/1"}],"replies":[{"embeddable":true,"href":"https:\/\/srcekrajine.org\/index.php?rest_route=%2Fwp%2Fv2%2Fcomments&post=2973"}],"version-history":[{"count":1,"href":"https:\/\/srcekrajine.org\/index.php?rest_route=\/wp\/v2\/posts\/2973\/revisions"}],"predecessor-version":[{"id":2974,"href":"https:\/\/srcekrajine.org\/index.php?rest_route=\/wp\/v2\/posts\/2973\/revisions\/2974"}],"wp:attachment":[{"href":"https:\/\/srcekrajine.org\/index.php?rest_route=%2Fwp%2Fv2%2Fmedia&parent=2973"}],"wp:term":[{"taxonomy":"category","embeddable":true,"href":"https:\/\/srcekrajine.org\/index.php?rest_route=%2Fwp%2Fv2%2Fcategories&post=2973"},{"taxonomy":"post_tag","embeddable":true,"href":"https:\/\/srcekrajine.org\/index.php?rest_route=%2Fwp%2Fv2%2Ftags&post=2973"}],"curies":[{"name":"wp","href":"https:\/\/api.w.org\/{rel}","templated":true}]}}