{"id":3405,"date":"2015-02-08T16:47:00","date_gmt":"2015-02-08T15:47:00","guid":{"rendered":"https:\/\/srcekrajine.org\/2015\/02\/08\/bez-vajrlesa-ni-u-avion\/"},"modified":"2015-02-08T16:47:00","modified_gmt":"2015-02-08T15:47:00","slug":"bez-vajrlesa-ni-u-avion","status":"publish","type":"post","link":"https:\/\/srcekrajine.org\/?p=3405","title":{"rendered":"Bez &#8222;vajrlesa&#8220; ni u avion"},"content":{"rendered":"<div class=\"ftpimagefix\" style=\"float:left;\"><a  class=\"colorbox\" href=\"http:\/\/www.novosti.rs\/vesti\/naslovna\/tehnologije\/aktuelno.236.html:532860-Bez-vajrlesa-ni-u-avion\" ><img decoding=\"async\" width=\"150\" src=\"http:\/\/www.novosti.rs\/upload\/thumbs\/images\/2015\/\/02\/07\/teh-bez-vajrlesa_150x90.jpg\" align=\"right\"><\/a><\/div>\n<p>&#8222;ETIHAD ervejz&#8220;, koji \u0107e slede\u0107eg meseca postati jedna od retkih avio-kompanija na svetu koje omogu\u0107avaju usluge konekcije tokom leta \u0161irom svoje flote, zabele\u017eio je znatan porast kori\u0161\u0107enja usluga interneta i mobilne telefonije tokom leta u 2014. godini. Kori\u0161\u0107enje &#8222;vajrlesa&#8220; je poraslo za 80, a mobilne mre\u017ee za vi\u0161e od 60 odsto. Tako\u0111e, vi\u0161e od 2,5 miliona ure\u0111aja je bilo povezano na mobilnu mre\u017eu u avionima avio-kompanije u 2014. godini. Interesantan je podatak i da se u proseku 50.000 sati &#8222;Live TV&#8220; programa pogleda svakog meseca Ina\u010de, &#8222;Etihad ervejz&#8220; nedavno je dobio nagradu &#8222;Avio-kompanija godine&#8220; za 2015. godinu, kada su u <a href=\"http:\/\/www.novosti.rs\/vesti\/naslovna\/tehnologije\/aktuelno.236.html:532860-Bez-vajrlesa-ni-u-avion\" class=\"colorbox\"  id=\"rssmi_more\">[&#8230;]<\/a><\/p>\n","protected":false},"excerpt":{"rendered":"<p>&#8222;ETIHAD ervejz&#8220;, koji \u0107e slede\u0107eg meseca postati jedna od retkih avio-kompanija na svetu koje omogu\u0107avaju usluge konekcije tokom leta \u0161irom svoje flote, zabele\u017eio je znatan porast kori\u0161\u0107enja usluga interneta i mobilne telefonije tokom leta u 2014. godini. Kori\u0161\u0107enje &#8222;vajrlesa&#8220; je poraslo za 80, a mobilne mre\u017ee za vi\u0161e od 60 odsto. Tako\u0111e, vi\u0161e od 2,5 [&hellip;]<\/p>\n","protected":false},"author":1,"featured_media":3406,"comment_status":"open","ping_status":"open","sticky":false,"template":"","format":"standard","meta":{"footnotes":""},"categories":[15],"tags":[],"_links":{"self":[{"href":"https:\/\/srcekrajine.org\/index.php?rest_route=\/wp\/v2\/posts\/3405"}],"collection":[{"href":"https:\/\/srcekrajine.org\/index.php?rest_route=\/wp\/v2\/posts"}],"about":[{"href":"https:\/\/srcekrajine.org\/index.php?rest_route=\/wp\/v2\/types\/post"}],"author":[{"embeddable":true,"href":"https:\/\/srcekrajine.org\/index.php?rest_route=\/wp\/v2\/users\/1"}],"replies":[{"embeddable":true,"href":"https:\/\/srcekrajine.org\/index.php?rest_route=%2Fwp%2Fv2%2Fcomments&post=3405"}],"version-history":[{"count":0,"href":"https:\/\/srcekrajine.org\/index.php?rest_route=\/wp\/v2\/posts\/3405\/revisions"}],"wp:featuredmedia":[{"embeddable":true,"href":"https:\/\/srcekrajine.org\/index.php?rest_route=\/wp\/v2\/media\/3406"}],"wp:attachment":[{"href":"https:\/\/srcekrajine.org\/index.php?rest_route=%2Fwp%2Fv2%2Fmedia&parent=3405"}],"wp:term":[{"taxonomy":"category","embeddable":true,"href":"https:\/\/srcekrajine.org\/index.php?rest_route=%2Fwp%2Fv2%2Fcategories&post=3405"},{"taxonomy":"post_tag","embeddable":true,"href":"https:\/\/srcekrajine.org\/index.php?rest_route=%2Fwp%2Fv2%2Ftags&post=3405"}],"curies":[{"name":"wp","href":"https:\/\/api.w.org\/{rel}","templated":true}]}}