{"id":347,"date":"2009-12-10T15:41:26","date_gmt":"2009-12-10T14:41:26","guid":{"rendered":"http:\/\/37.251.99.59:5000\/?p=347"},"modified":"2009-12-10T15:41:26","modified_gmt":"2009-12-10T14:41:26","slug":"podela-zbog-mladia","status":"publish","type":"post","link":"https:\/\/srcekrajine.org\/?p=347","title":{"rendered":"Podela zbog Mladi\u0107a"},"content":{"rendered":"<div class=\"field field-type-image field-field-image-for-teaser\" style=\"float: right\">\n<div class=\"field-item\"><img loading=\"lazy\" decoding=\"async\" src=\"http:\/\/www.glas-javnosti.rs\/\/files\/image_for_teaser\/Thumb_03mladic-ap_2.jpg\" border=\"0\" width=\"350\" height=\"270\" \/><\/div>\n<\/p><\/div>\n<p>BEOGRAD &#8211; Prema nedavno objavljenom istra\u017eivanju Oebsa, <strong>protiv izru\u010denja Ratka Mladi\u0107a Hagu izjasnilo se 64 odsto gra\u0111ana<\/strong> Srbije. S tim u vezi predstavnici opozicionih stranaka smatraju da se treba povinovati glasu naroda, dok se vlast zala\u017ee za striktno ispunjavanje me\u0111unarodnih obaveza.<\/p>\n<p> <!--more--> <\/p>\n<p> Naprednjak Borislav Pelevi\u0107 ka\u017ee da treba po\u0161tovati narodnu volju.<\/p>\n<p>&#8211; Drago mi je da je procenat onih koji se protive izru\u010denju Mladi\u0107a sve ve\u0107i. Srbija se polako trezni i otima onima koji smatraju da treba bespogovorno izvr\u0161avati zahteve \u0161iptarskih i bo\u0161nja\u010dkih mentora &#8211; ocenjuje Pelevi\u0107.<\/p>\n<p>Dragan Todorovi\u0107, zamenik predsednika SRS, upozorava one koji ne slu\u0161aju narod da \u0107e im se to obiti o glavu.<br \/> &#8211; Ne treba izru\u010diti nijednog gra\u0111anina Srbije. Kad je Srbija po\u010dela s takvom praksom, prestala je da bude dr\u017eava &#8211; smatra Todorovi\u0107.<\/p>\n<div class=\"field field-type-text field-field-antrfile\">\n<div class=\"field-item\">\n<p><strong>Palma: \u0160ta \u0107emo sa Haradinajem?<\/strong><\/p>\n<p>Dragan Markovi\u0107 Palma, predsednik JS, tako\u0111e podse\u0107a na obavezu Srbije da sara\u0111uje s Ha\u0161kim tribunalom.<br \/> &#8211; Me\u0111utim, u Tribunalu i dalje postoje nejednaki standardi. Jo\u0161 uvek nas nisu uverili da je to sud pravde. U to nas i ne\u0107e uveriti sve dok se u Hagu ne na\u0111u Ramu\u0161 Haradinaj i Naser Ori\u0107, jer je njima tamo i mesto. To sam ponovio i pred 14 ambasadora na izbornoj skup\u0161tini JS &#8211; podse\u0107a Palma.<\/p>\n<\/p><\/div>\n<\/div>\n<p>Da treba poslu\u0161ati narod, \u201ejer narod bira vlast\u201c, uverava i Sa\u0161a Dujovi\u0107, lider Pokreta veterana.<br \/> &#8211; Moraju se po\u0161tovati zakoni koji nala\u017eu saradnju s Tribunalom. Treba, ako ima osnova, da se na\u0111e na\u010din da se Mladi\u0107u i Goranu Had\u017ei\u0107u sudi u zemlji. Protiv smo izru\u010denja &#8211; kategori\u010dan je Dujovi\u0107.<\/p>\n<p>Slobodan Vuksanovi\u0107, portparol DSS, smatra da je kasno za ovo pitanje, jer se ne mogu izbe\u0107i me\u0111unarodne obaveze preuzete devedesetih.<br \/> &#8211; Reakcija anketiranih ljudi izazvana je nejednakim ar\u0161inima prema optu\u017eenim Srbima u odnosu na ostale. Tu je i farsa sa \u0160e\u0161eljevim su\u0111enjem koje predstavlja izvrgavanje ruglu prava i pravde, \u0161to prime\u0107uju i njegovi politi\u010dki protivnici &#8211; podse\u0107a Vuksanovi\u0107.<\/p>\n<p>S druge strane, Aleksandra Jerkov, poslanik Lige socijaldemokrata Vojvodine, apsolutno je za hap\u0161enje i izru\u010denje ne zbog EU, ve\u0107 zbog zadovoljenja pravde.<br \/> &#8211; O\u010digledno je da gra\u0111ani Srbije nisu dovoljno informisani o zlo\u010dinima za koje se Mladi\u0107 tereti. Sti\u010de se utisak da se za njim traga jer nam iz EU to tra\u017ee &#8211; prime\u0107uje Jerkovljeva.<\/p>\n<p>Socijalista \u0110or\u0111e Mili\u0107evi\u0107 ka\u017ee da je na osnovu Bramercovog izve\u0161taja potpuno jasno da u Srbiji postoji odlu\u010dna volja da se okon\u010da saradnja s Ha\u0161kim tribunalom.<br \/> &#8211; Ma \u0161ta politi\u010dki mislili, taj proces mora da se okon\u010da kako Srbija ne bi bila ucenjena &#8211; napominje Mili\u0107evi\u0107.<\/p>\n<p>I poslanik DS Sr\u0111an Milivojevi\u0107 tvrdi da ne treba poslu\u0161ati narod.<br \/> &#8211; Srbija je \u010dlanica UN, a \u010dlanstvo u UN podrazumeva obaveze, ne samo privilegije. Srbija ima obavezu da ispuni zahteve Ha\u0161kog tribunala ne zbog sveta, ve\u0107 zbog sebe &#8211; dodaje Milivojevi\u0107.<\/p>\n<p> Direktor SPO Aleksandar Jugovi\u0107 smatra da Srbija ne sme biti talac jednog \u010doveka.<br \/> &#8211; Moramo se suo\u010diti sa istinom, ma kakva ona bila. Da su nas slu\u0161ali, ne bi ni bilo rata. Upravo je Slobodan Milo\u0161evi\u0107, potpisuju\u0107i Dejtonski sporazum, obavezao Srbiju da sve koji su optu\u017eeni za ratni zlo\u010din isporu\u010di Hagu &#8211; zaklju\u010duje Jugovi\u0107<\/p>\n","protected":false},"excerpt":{"rendered":"<p>BEOGRAD &#8211; Prema nedavno objavljenom istra\u017eivanju Oebsa, protiv izru\u010denja Ratka Mladi\u0107a Hagu izjasnilo se 64 odsto gra\u0111ana Srbije. S tim u vezi predstavnici opozicionih stranaka smatraju da se treba povinovati glasu naroda, dok se vlast zala\u017ee za striktno ispunjavanje me\u0111unarodnih obaveza.<\/p>\n","protected":false},"author":1,"featured_media":0,"comment_status":"open","ping_status":"open","sticky":false,"template":"","format":"standard","meta":{"footnotes":""},"categories":[1],"tags":[],"_links":{"self":[{"href":"https:\/\/srcekrajine.org\/index.php?rest_route=\/wp\/v2\/posts\/347"}],"collection":[{"href":"https:\/\/srcekrajine.org\/index.php?rest_route=\/wp\/v2\/posts"}],"about":[{"href":"https:\/\/srcekrajine.org\/index.php?rest_route=\/wp\/v2\/types\/post"}],"author":[{"embeddable":true,"href":"https:\/\/srcekrajine.org\/index.php?rest_route=\/wp\/v2\/users\/1"}],"replies":[{"embeddable":true,"href":"https:\/\/srcekrajine.org\/index.php?rest_route=%2Fwp%2Fv2%2Fcomments&post=347"}],"version-history":[{"count":0,"href":"https:\/\/srcekrajine.org\/index.php?rest_route=\/wp\/v2\/posts\/347\/revisions"}],"wp:attachment":[{"href":"https:\/\/srcekrajine.org\/index.php?rest_route=%2Fwp%2Fv2%2Fmedia&parent=347"}],"wp:term":[{"taxonomy":"category","embeddable":true,"href":"https:\/\/srcekrajine.org\/index.php?rest_route=%2Fwp%2Fv2%2Fcategories&post=347"},{"taxonomy":"post_tag","embeddable":true,"href":"https:\/\/srcekrajine.org\/index.php?rest_route=%2Fwp%2Fv2%2Ftags&post=347"}],"curies":[{"name":"wp","href":"https:\/\/api.w.org\/{rel}","templated":true}]}}