{"id":353,"date":"2009-12-22T09:57:12","date_gmt":"2009-12-22T08:57:12","guid":{"rendered":"http:\/\/37.251.99.59:5000\/?p=353"},"modified":"2009-12-22T09:57:12","modified_gmt":"2009-12-22T08:57:12","slug":"fratini-vrata-eu-otvorena-za-srbiju","status":"publish","type":"post","link":"https:\/\/srcekrajine.org\/?p=353","title":{"rendered":"Fratini: Vrata EU otvorena za Srbiju"},"content":{"rendered":"<p><\/p>\n<div id=\"autor\">Autor: Tanjug\t\t \t\t| <span>21.12.2009. &#8211; 18:04\t\t\t\t<\/span><\/div>\n<p> \t\t<img loading=\"lazy\" decoding=\"async\" src=\"http:\/\/www.blic.rs\/_customfiles\/Image\/slike\/2009\/12_decembar\/21\/politika\/fratini-v.jpg\" border=\"0\" alt=\"Fratini: Vrata EU otvorena za Srbiju\" width=\"470\" height=\"188\" \/>\t  <\/p>\n<p><em>Ministar spoljnih poslova Italije Franko Fratini izjavio je danas da su Srbiji, stavljanjem na belu \u0161engensku listu, otvorena vrata ka Evropi, i poru\u010dio da \u0107e ta vrata i ostati otvorena.<\/em> <\/p>\n<p> <!--more--> <\/p>\n<p> &#8222;Moja zemlja je bila, i jo\u0161 uvek je najverniji advokat ideje da se Srbiji omogu\u0107i da \u0161to pre postane \u010dlanica EU. Ovo nije kraj pri\u010de&#8220;, izjavio je Fratini posle susreta sa potpredsednikom Vlade Srbije Bo\u017eidarem \u0110eli\u0107em i 50 gra\u0111ana koji su, u okviru projekta &#8222;Evropa za sve&#8220;, doputovali u dvodnevnu posetu Rimu. \t\t\t\t\t<\/p>\n<div id=\"banner_adcode_0\" class=\"banner_class\" style=\"margin: 0px; padding: 0px; background: #ffffff none repeat scroll 0% 0%; -moz-background-clip: border; -moz-background-origin: padding; -moz-background-inline-policy: continuous; font-size: 1px; height: 1%\"> \t\t\t<\/div>\n<p> \u0160ef italijanske diplomatije je istakao da \u0107e njegova dr\u017eava nastaviti da podr\u017eava Srbiju u procesu evropskih integracija, ali je dodao da je brzina integrativnih procesa u rukama Beograda. <\/p>\n<p>\u0110eli\u0107 je rekao da su vlasti u Beogradu svesne da \u0107e za svaki slede\u0107i korak u procesu evropskih integracija biti neophodan konsenzus svih \u010dlanica EU. <br \/>&#8222;Na\u0161 put ka EU ne\u0107e biti ni brz, ni lak. Ali, kao \u0161to smo pokazali kroz jednostranu primenu Prelaznog trgovinskog sporazuma i reforme za beli \u0161engen, Srbija je spremna da obavi svoj deo posla&#8220;, rekao je \u0110eli\u0107. <\/p>\n<p>On je dodao da je nekim dr\u017eavama trebalo oko dve godine od podno\u0161enja kandidature do sticanja statusa kandidata, i izrazio uverenje da je Srbija spremna da taj put pre\u0111e dosta br\u017ee. <br \/>\u0110eli\u0107 je istakao da sva ministarstva u Srbiji ve\u0107 uveliko spremaju odgovor na upitnik koji \u0107e joj EU tek dostaviti. On je zahvalio \u0161efu italijanske diplomatije na dosada\u0161njoj podr\u0161ci koju je pru\u017eao Srbiji u procesu evropskih integracija, i najavio da \u0107e sutra u Stokholmu biti u delegaciji koja \u0107e, predvo\u0111ena predsednikom Borisom Tadi\u0107em, predati kandidaturu za \u010dlanstvo u EU. <\/p>\n<p>Fratini i \u0110eli\u0107, koji je i ministar nauke i tehnolo\u0161kog razvoja, potpisali su danas i Memorandum o nau\u010dnoj saradnji dveju zemalja. \u0110eli\u0107 je susret u italijanskom Ministarstvu spoljnih poslova iskoristio i da po\u017eeli brzo ozdravljenje predsedniku Vlade Italije Silviju Berluskoniju. <br \/>U\u010desnici projekta &#8222;Evropa za sve&#8220; su boravak u Rimu zapo\u010deli danas posetom parlamentu Italije, gde je goste iz Srbije primio \u010dlan Odbora za spoljne poslove \u0110or\u0111o Dimalfa. Grupa putnika iz Srbije, predvo\u0111ena vicepremijerom \u0110eli\u0107em, imala je priliku da vidi neke od najve\u0107ih znamenitosti Rima, kao \u0161to su Koloseum, Panteon, fontanu Di trevi i Palatin. <br \/> Putnici iz Srbije \u0107e sutra, drugog dana boravka u Rimu, posetiti Vatikan, a pred kraja dana \u0107e krenuti put Berlina.<\/p>\n","protected":false},"excerpt":{"rendered":"<p>Autor: Tanjug | 21.12.2009. &#8211; 18:04 Ministar spoljnih poslova Italije Franko Fratini izjavio je danas da su Srbiji, stavljanjem na belu \u0161engensku listu, otvorena vrata ka Evropi, i poru\u010dio da \u0107e ta vrata i ostati otvorena.<\/p>\n","protected":false},"author":1,"featured_media":0,"comment_status":"open","ping_status":"open","sticky":false,"template":"","format":"standard","meta":{"footnotes":""},"categories":[1],"tags":[],"_links":{"self":[{"href":"https:\/\/srcekrajine.org\/index.php?rest_route=\/wp\/v2\/posts\/353"}],"collection":[{"href":"https:\/\/srcekrajine.org\/index.php?rest_route=\/wp\/v2\/posts"}],"about":[{"href":"https:\/\/srcekrajine.org\/index.php?rest_route=\/wp\/v2\/types\/post"}],"author":[{"embeddable":true,"href":"https:\/\/srcekrajine.org\/index.php?rest_route=\/wp\/v2\/users\/1"}],"replies":[{"embeddable":true,"href":"https:\/\/srcekrajine.org\/index.php?rest_route=%2Fwp%2Fv2%2Fcomments&post=353"}],"version-history":[{"count":0,"href":"https:\/\/srcekrajine.org\/index.php?rest_route=\/wp\/v2\/posts\/353\/revisions"}],"wp:attachment":[{"href":"https:\/\/srcekrajine.org\/index.php?rest_route=%2Fwp%2Fv2%2Fmedia&parent=353"}],"wp:term":[{"taxonomy":"category","embeddable":true,"href":"https:\/\/srcekrajine.org\/index.php?rest_route=%2Fwp%2Fv2%2Fcategories&post=353"},{"taxonomy":"post_tag","embeddable":true,"href":"https:\/\/srcekrajine.org\/index.php?rest_route=%2Fwp%2Fv2%2Ftags&post=353"}],"curies":[{"name":"wp","href":"https:\/\/api.w.org\/{rel}","templated":true}]}}