{"id":3565,"date":"2015-02-13T10:11:46","date_gmt":"2015-02-13T09:11:46","guid":{"rendered":"https:\/\/srcekrajine.org\/?p=3565"},"modified":"2015-02-13T10:11:46","modified_gmt":"2015-02-13T09:11:46","slug":"pupovac-posvadao-poslanike-sabora","status":"publish","type":"post","link":"https:\/\/srcekrajine.org\/?p=3565","title":{"rendered":"Pupovac posva\u0111ao poslanike Sabora"},"content":{"rendered":"<div class=\"social_bar\">\n<div class=\"gg_plus\">\n<div class=\"imgb\"><span class=\"author\">J. K.<\/span> | 13. februar 2015.<\/div>\n<div class=\"imgb\">\n<div>\n<div id=\"cboxContent\">\n<div id=\"cboxLoadedContent\"><img decoding=\"async\" class=\"cboxPhoto\" src=\"http:\/\/www.novosti.rs\/upload\/images\/2015\/\/02\/12n\/pol-pupovac.jpg\" alt=\" Milorad Pupovac\" \/><\/div>\n<\/div>\n<\/div>\n<\/div>\n<div class=\"imgb\"><\/div>\n<\/div>\n<\/div>\n<div class=\"gallery\">\n<div class=\"imgb\">\n<div class=\"articleBody\">\n<p>SKANDAL Branimira Glava\u0161a i njegov javni poziv na lin\u010d Milorada Pupovca, bio je ju\u010de centralna tema u hrvatskom Saboru.<\/p>\n<div class=\"inlineBanner\"><\/div>\n<\/div>\n<\/div>\n<\/div>\n<p><!--more--><\/p>\n<div class=\"articleBody\">\n<p>Tako je Goran Rihemberg u ime Hrvatske narodne stranke rekao da je Pupovac ve\u0107 dvadeset godina lider Srba u Hrvatskoj i da je uvek istupao u odbranu ljudskih i manjinskih prava:<\/p>\n<p>&#8211; Zato je Glava\u0161eva poruka Pupovcu poruka celoj manjinskoj zajednici Srba.<\/p>\n<p>U raspravi se moglo \u010duti i da je sve ovo povratak u devedesete, a protiv grubog vre\u0111anja Pupovca ustao je i Igor Dragovan u ime SDP.<\/p>\n<p>To nije pokolebalo Dinka Buri\u0107a iz HDSSB, stranke, \u010diji je Glava\u0161 osniva\u010d, da ponovo izvre\u0111a:<\/p>\n<p>&#8211; Onima koji su u\u010destvovali u velikoj srpskoj agresiji na Hrvatsku nije mesto u Saboru. Pupovac se bavi etno-biznisom za vlastito boga\u0107enje, a primer je Tesla banka. Dok je bio Sanader na vlasti u mnogo \u010demu je bio njegov &#8222;kvisko&#8220;. Sada \u0107e imati priliku sa Sanaderom u zatvoru da igra &#8222;\u010cove\u010de ne ljuti se&#8220;.<\/p>\n<p>Pupovac se zahvalio kolegama koji su &#8222;po svojoj savesti odlu\u010dili da govore u Saboru&#8220;.<\/p>\n<p>&#8211; Ako dr\u017eavne institucije ne prepoznaju ovo \u0161to se meni \u010dini, onda to pokazuje zabrinjavaju\u0107e stanje u na\u0161em pravosu\u0111u, sudskoj vlasti i moralnom ose\u0107aju javnosti i javnih institucija &#8211; kazao je Pupovac.<\/p>\n<\/div>\n<div class=\"clearfix relatedNews\"><\/div>\n","protected":false},"excerpt":{"rendered":"<p>J. K. | 13. februar 2015. SKANDAL Branimira Glava\u0161a i njegov javni poziv na lin\u010d Milorada Pupovca, bio je ju\u010de centralna tema u hrvatskom Saboru.<\/p>\n","protected":false},"author":2,"featured_media":0,"comment_status":"open","ping_status":"open","sticky":false,"template":"","format":"standard","meta":{"footnotes":""},"categories":[1],"tags":[],"_links":{"self":[{"href":"https:\/\/srcekrajine.org\/index.php?rest_route=\/wp\/v2\/posts\/3565"}],"collection":[{"href":"https:\/\/srcekrajine.org\/index.php?rest_route=\/wp\/v2\/posts"}],"about":[{"href":"https:\/\/srcekrajine.org\/index.php?rest_route=\/wp\/v2\/types\/post"}],"author":[{"embeddable":true,"href":"https:\/\/srcekrajine.org\/index.php?rest_route=\/wp\/v2\/users\/2"}],"replies":[{"embeddable":true,"href":"https:\/\/srcekrajine.org\/index.php?rest_route=%2Fwp%2Fv2%2Fcomments&post=3565"}],"version-history":[{"count":1,"href":"https:\/\/srcekrajine.org\/index.php?rest_route=\/wp\/v2\/posts\/3565\/revisions"}],"predecessor-version":[{"id":3566,"href":"https:\/\/srcekrajine.org\/index.php?rest_route=\/wp\/v2\/posts\/3565\/revisions\/3566"}],"wp:attachment":[{"href":"https:\/\/srcekrajine.org\/index.php?rest_route=%2Fwp%2Fv2%2Fmedia&parent=3565"}],"wp:term":[{"taxonomy":"category","embeddable":true,"href":"https:\/\/srcekrajine.org\/index.php?rest_route=%2Fwp%2Fv2%2Fcategories&post=3565"},{"taxonomy":"post_tag","embeddable":true,"href":"https:\/\/srcekrajine.org\/index.php?rest_route=%2Fwp%2Fv2%2Ftags&post=3565"}],"curies":[{"name":"wp","href":"https:\/\/api.w.org\/{rel}","templated":true}]}}