{"id":357,"date":"2009-12-25T09:23:34","date_gmt":"2009-12-25T08:23:34","guid":{"rendered":"http:\/\/37.251.99.59:5000\/?p=357"},"modified":"2009-12-25T09:23:34","modified_gmt":"2009-12-25T08:23:34","slug":"srbe-zatiru-tadi-i-ijakovi-ute","status":"publish","type":"post","link":"https:\/\/srcekrajine.org\/?p=357","title":{"rendered":"Srbe zatiru Tadi\u0107 i \u0160ijakovi\u0107 \u0107ute!"},"content":{"rendered":"<h1 id=\"cat\"><\/h1>\n<div id=\"homeimg\"> <img loading=\"lazy\" decoding=\"async\" src=\"http:\/\/www.alo.rs\/\/_customfiles\/Image\/slike\/2009\/12_dec\/23\/vesti\/sijanovic-v.jpg\" border=\"0\" alt=\"Srbe zatiru Tadi\u0107 i \u0160ijakovi\u0107 \u0107ute!\" width=\"460\" height=\"280\" \/> <\/div>\n<div class=\"lead\">Bruka: Vlast ne reaguje na osnivanje HPC-a<\/div>\n<h1 id=\"naslov\">Sreda &#8211; 23.12.2009<\/h1>\n<div id=\"article_single\">\n<div id=\"article_uvod\"><span>Vlasti Srbije sramno \u0107ute dok se u Zagrebu obnavlja Paveli\u0107ev projekat takozvane Hrvatske pravoslavne crkve, \u010diji je cilj asimilacija preostalih Srba u toj dr\u017eavi posle zlo\u010dina\u010dke akcije \u201eOluja\u201c.<\/span><\/div>\n<p> <!--more--> <\/p>\n<p>Iako se radi o najdirektnijem kr\u0161enju ljudskih prava na\u0161ih sunarodnika u Hrvatskoj, kojima se negira nacionalna pripadnost, u kabinetu predsednika Borisa Tadi\u0107a i Ministarstvu vera ka\u017eu da se to pitanje njih ne ti\u010de po\u0161to je Srbija sekularna dr\u017eava u kojoj su Crkva i dr\u017eava odvojene!<br \/> Ni mitropolit crnogorsko-primorski Amfilohije, koji obavlja du\u017enost \u010duvara trona do izbora novog patrijarha, nije hteo da komentari\u0161e osnivanje jedne ovakve organizacije, uz napomenu da je reagovanje na to u nadle\u017enosti vladika SPC koje slu\u017ebuju u Hrvatskoj.<br \/> &#8211; Ipak, \u010dinjenica je da sve ovo podse\u0107a na nastavak projekta iz endehazije &#8211; kratko je za \u201eAlo!\u201c prokomentarisao mitropolit Amfilohije. Mitropolit zagreba\u010dko-ljubljanski Jovan ka\u017ee da osnivanje takozvane HPC ima politi\u010dku pozadinu.<\/p>\n<p> .banner_text_link{ text-align: right } .banner_text_link a{ font-size: 12px; color: #ccc } .banner_text_link a span{ font-size: 10px; } .banner_text_link a:hover{ color: #666 }  <\/p>\n<p> &#8211; Ako neko i osnuje ovakvu crkvu, ona ne\u0107e biti legalna &#8211; rekao je vladika Jovan za medije.<br \/> U Tadi\u0107evom kabinetu ju\u010de su bili zauzeti podno\u0161enjem kandidature za EU, ali nam je re\u010deno da je ovo \u201eipak crkveni problem, a Srbija je sekularna dr\u017eava\u201c. Sli\u010dan odgovor dobili smo iz kabineta ministra vera Bogoljuba \u0160ijakovi\u0107a.<br \/> &#8211; Taj problem nije u nadle\u017enosti Ministarstva vera. Ne bi bilo dobro da se upli\u0107emo u taj problem &#8211; re\u010deno je u \u0160ijakovi\u0107evom kabinetu.<br \/> Da situacija s o\u017eivljavanjem ovakve nacisti\u010dke tvorevine nije samo crkveni ve\u0107 i problem srpskog naroda smatra istori\u010dar \u010cedomir Anti\u0107.<br \/> &#8211; To je politi\u010dko, a ne versko pitanje. Postoji zakon u kojem se ka\u017ee da je SPC ustanova od velikog nacionalnog zna\u010daja. Ne radi se o afirmaciji Crkve, ve\u0107 o za\u0161titi prava na\u0161ih sunarodnika &#8211; smatra Anti\u0107, koji najavu formiranja HPC povezuje sa sli\u010dnim pojavama u Crnoj Gori i Makedoniji.<br \/> &#8211; Sli\u010dne ideje javljaju se i na Kosovu sa progla\u0161avanjem srpskih crkava kosovskom ba\u0161tinom. Zbog toga nije nemogu\u0107e da jednog dana osvane i nekakva kosovska pravoslavna crkva. Radi se o organizovanim nacionalnim projektima koji svoje ideje crpu iz komunizma ili fa\u0161izma &#8211; smatra Anti\u0107.<br \/> Poslanik DS-a Sr\u0111an Milivojevi\u0107 ka\u017ee da je SPC jedna, jedina i nedeljiva i da ima jurisdikciju u svim republikama biv\u0161e Jugoslavije.<br \/> &#8211; Kako bi izgledalo kada bi neko poku\u0161ao da pravi drugu katoli\u010dku crkvu u Hrvatskoj ili nekoj drugoj zemlji. Sve sli\u010dne ideje su zavr\u0161ile na groblju istorije &#8211; ka\u017ee Milivojevi\u0107.<br \/> Hrvatsku pravoslavnu crkvu 6. aprila 1942. godine formirao je dekretom poglavnik Ante Paveli\u0107, \u010diji je cilj bilo prikrivanje genocida koji je \u010dinjen nad Srbima koji su pre rata \u010dinili tre\u0107inu stanovni\u0161tva. Niko od pravoslavaca koji su dr\u017eali do imena i \u010dasti nije se hteo prihvatiti u\u010de\u0161\u0107a u tom projektu, a ve\u0107ina pravoslavnih sve\u0161tenika je ve\u0107 bila pobijena, pa je na \u010delo te tvorevine stao Rus Germogen, koji je u Zagreb do\u0161ao posle Oktobarske revolucije. Paveli\u0107eva zamisao nije imala uspeha.<\/p>\n<p>\u00a0<\/p>\n<h5>Katolici: Treba videti o \u010demu se radi<\/h5>\n<p>Portparol Beogradske nadbiskupije Katoli\u010dke crkve Milutin Novakovi\u0107 ka\u017ee da je na internetu video pamflet o formiranju Hrvatske pravoslavne zajednice.<br \/> &#8211; Ne bismo zasad govorili o tome, po\u0161to nam zvu\u010di prili\u010dno senzacionalisti\u010dki. To je tek u za\u010detku i treba videti kuda \u0107e dalje i\u0107i &#8211; ka\u017ee Novakovi\u0107.<\/p>\n<p>\u00a0<\/p>\n<h5>Ispunili plan Tu\u0111mana<\/h5>\n<p>Srpski narod u Hrvatskoj u proteklom veku pretrpeo je nezapam\u0107en genocid. Od skoro tre\u0107ine stanovni\u0161tva posle Jasenovca, \u201eOluje\u201c i drugih strati\u0161ta, njihov broj se primakao procentu od tri odsto, koliko je Franjo Tu\u0111man ocenio da je \u201epodno\u0161ljivo\u201c za Hrvatsku.<\/p>\n<p>\u00a0<\/p>\n<p><strong>Kako se smanjivao broj i procenat Srba u Hrvatskoj<\/strong><\/p>\n<p>1940.\t1991.\t2001.<br \/> 1.847.000\t581.663\t201.631<br \/> 31%\t12,2%\t4,5%<\/p>\n<p><\/p>\n<h1 id=\"cat\">Vesti<\/h1>\n<p>Vasilije Papovi\u0107<\/p>\n<\/p><\/div>\n","protected":false},"excerpt":{"rendered":"<p>Bruka: Vlast ne reaguje na osnivanje HPC-a Sreda &#8211; 23.12.2009 Vlasti Srbije sramno \u0107ute dok se u Zagrebu obnavlja Paveli\u0107ev projekat takozvane Hrvatske pravoslavne crkve, \u010diji je cilj asimilacija preostalih Srba u toj dr\u017eavi posle zlo\u010dina\u010dke akcije \u201eOluja\u201c.<\/p>\n","protected":false},"author":1,"featured_media":0,"comment_status":"open","ping_status":"open","sticky":false,"template":"","format":"standard","meta":{"footnotes":""},"categories":[1],"tags":[],"_links":{"self":[{"href":"https:\/\/srcekrajine.org\/index.php?rest_route=\/wp\/v2\/posts\/357"}],"collection":[{"href":"https:\/\/srcekrajine.org\/index.php?rest_route=\/wp\/v2\/posts"}],"about":[{"href":"https:\/\/srcekrajine.org\/index.php?rest_route=\/wp\/v2\/types\/post"}],"author":[{"embeddable":true,"href":"https:\/\/srcekrajine.org\/index.php?rest_route=\/wp\/v2\/users\/1"}],"replies":[{"embeddable":true,"href":"https:\/\/srcekrajine.org\/index.php?rest_route=%2Fwp%2Fv2%2Fcomments&post=357"}],"version-history":[{"count":0,"href":"https:\/\/srcekrajine.org\/index.php?rest_route=\/wp\/v2\/posts\/357\/revisions"}],"wp:attachment":[{"href":"https:\/\/srcekrajine.org\/index.php?rest_route=%2Fwp%2Fv2%2Fmedia&parent=357"}],"wp:term":[{"taxonomy":"category","embeddable":true,"href":"https:\/\/srcekrajine.org\/index.php?rest_route=%2Fwp%2Fv2%2Fcategories&post=357"},{"taxonomy":"post_tag","embeddable":true,"href":"https:\/\/srcekrajine.org\/index.php?rest_route=%2Fwp%2Fv2%2Ftags&post=357"}],"curies":[{"name":"wp","href":"https:\/\/api.w.org\/{rel}","templated":true}]}}