{"id":358,"date":"2009-12-25T09:30:27","date_gmt":"2009-12-25T08:30:27","guid":{"rendered":"http:\/\/37.251.99.59:5000\/?p=358"},"modified":"2009-12-25T09:30:27","modified_gmt":"2009-12-25T08:30:27","slug":"srbija-tui-hrvatsku-za-genocid","status":"publish","type":"post","link":"https:\/\/srcekrajine.org\/?p=358","title":{"rendered":"Srbija tu\u017ei Hrvatsku za genocid"},"content":{"rendered":"<p class=\"eventPlace_eventDate\">                                                                                 <span class=\"eventPlace\">Beograd<\/span>                                                                                                                   <span class=\"eventDate\">24. 12. 2009<\/span>                          <\/p>\n<p class=\"source\">FoNet<\/p>\n<h1>Pravni tim Srbije zavr\u0161io je rad na tu\u017ebi protiv Hrvatske za genocid nad Srbima tokom sukoba 1991-95. godine i ona \u0107e uskoro biti predata Me\u0111unarodnom sudu pravde (MSP)<\/h1>\n<p> <!--more-->                                                                                                                                                                                                                                                                                                                                                   <\/p>\n<p>Deset godina po\u0161to je Me\u0111unarodnom sudu pravde upu\u0107ena tu\u017eba Hrvatske kojom se Srbija tereti za genocid, u sud \u0107e sti\u0107i kontratu\u017eba Srbije, kojom se i Hrvatska tereti za isti zlo\u010din.<br \/>\u010cim budu zavr\u0161ene tehni\u010dke pripreme, mogu\u0107e i pre kraja 2009. godine, sudu \u0107e biti predata tu\u017eba u kojoj se navodi da su Srbi koji su po\u010detkom devedesetih godina \u017eiveli u Hrvatskoj bili \u017ertve genocida.<br \/>Trdnje da je hrvatska vlast odgovorna za genocid bi\u0107e potkrepljene pozivanjem na ha\u0161ke optu\u017enice, kao i na procese koji su protiv optu\u017eenih za ratne zlo\u010dine vo\u0111eni i u Hrvatskoj, isti\u010de ova TV stanica.<br \/>U tu\u017ebi \u0107e se na\u0107i podaci o zlo\u010dinima po\u010dinjenim u Gospi\u0107u, Sisku, Pakra\u010dkoj poljani, Karlovcu, Osijeku, Paulinom Dvoru, Meda\u010dkom d\u017eepu, na Maslenici i naravno tokom operacija Bljesak i Oluja.<br \/>Sudu \u0107e biti predo\u010deni i podaci o \u017ertvama i to ne samo onim koje su stradale u sukobima do 1995. godine, nego i onima koji su stradali posle ratnih okr\u0161aja ili u poku\u0161ajima da se vrate iz izbegli\u0161tva.<br \/>Tu\u017eba protiv Hrvatske sadr\u017ei i istorijski presek srpsko-hrvatskih odnosa, sa naglaskom na doga\u0111aje iz Drugog svetskog rata. U tom kontekstu bi\u0107e pomenuto i masovno stradanje Srba u usta\u0161kom logoru Jasenovac. <\/p>\n","protected":false},"excerpt":{"rendered":"<p>Beograd 24. 12. 2009 FoNet Pravni tim Srbije zavr\u0161io je rad na tu\u017ebi protiv Hrvatske za genocid nad Srbima tokom sukoba 1991-95. godine i ona \u0107e uskoro biti predata Me\u0111unarodnom sudu pravde (MSP)<\/p>\n","protected":false},"author":1,"featured_media":0,"comment_status":"open","ping_status":"open","sticky":false,"template":"","format":"standard","meta":{"footnotes":""},"categories":[1],"tags":[],"_links":{"self":[{"href":"https:\/\/srcekrajine.org\/index.php?rest_route=\/wp\/v2\/posts\/358"}],"collection":[{"href":"https:\/\/srcekrajine.org\/index.php?rest_route=\/wp\/v2\/posts"}],"about":[{"href":"https:\/\/srcekrajine.org\/index.php?rest_route=\/wp\/v2\/types\/post"}],"author":[{"embeddable":true,"href":"https:\/\/srcekrajine.org\/index.php?rest_route=\/wp\/v2\/users\/1"}],"replies":[{"embeddable":true,"href":"https:\/\/srcekrajine.org\/index.php?rest_route=%2Fwp%2Fv2%2Fcomments&post=358"}],"version-history":[{"count":0,"href":"https:\/\/srcekrajine.org\/index.php?rest_route=\/wp\/v2\/posts\/358\/revisions"}],"wp:attachment":[{"href":"https:\/\/srcekrajine.org\/index.php?rest_route=%2Fwp%2Fv2%2Fmedia&parent=358"}],"wp:term":[{"taxonomy":"category","embeddable":true,"href":"https:\/\/srcekrajine.org\/index.php?rest_route=%2Fwp%2Fv2%2Fcategories&post=358"},{"taxonomy":"post_tag","embeddable":true,"href":"https:\/\/srcekrajine.org\/index.php?rest_route=%2Fwp%2Fv2%2Ftags&post=358"}],"curies":[{"name":"wp","href":"https:\/\/api.w.org\/{rel}","templated":true}]}}