{"id":3712,"date":"2015-02-22T13:54:41","date_gmt":"2015-02-22T12:54:41","guid":{"rendered":"https:\/\/srcekrajine.org\/?p=3712"},"modified":"2015-02-22T13:54:41","modified_gmt":"2015-02-22T12:54:41","slug":"kosovu-preti-osuda-za-genocid","status":"publish","type":"post","link":"https:\/\/srcekrajine.org\/?p=3712","title":{"rendered":"Kosovu preti osuda za genocid"},"content":{"rendered":"<p><span class=\"author\">Tanjug<\/span> | 22. februar 2015.<\/p>\n<div class=\"social_bar\">\n<div class=\"gg_plus\">\n<div id=\"___plusone_0\">\n<div class=\"imgb\"><a class=\"verticalArticleImage cboxElement\" href=\"http:\/\/www.novosti.rs\/upload\/images\/2011\/03\/1603n\/dos-velika.jpg\"> <img decoding=\"async\" src=\"http:\/\/www.novosti.rs\/upload\/thumbs\/images\/2011\/03\/1603n\/dos-velika_620x0.jpg\" alt=\" Eshumacija \u017ertava OVK\" \/> <\/a><\/div>\n<\/div>\n<\/div>\n<\/div>\n<div class=\"gallery\">\n<p class=\"caption aaaaa\">Eshumacija \u017ertava OVK<\/p>\n<p>U Nacrtu zakona za formiranje Specijalnog suda za ratne zlo\u010dine i njegovih odeljenja govori se o genocidu kao krivi\u010dnom delu, prenosi pri\u0161tinska \u0161tampa navode\u0107i da bi to moglo dovesti do toga da Kosovo bude osu\u0111eno za genocid, iako \u0107e sudski procesi biti pojedina\u010dni.<\/p>\n<div class=\"inlineBanner\"><!--more--><\/p>\n<div class=\"gallery\">\n<div class=\"inlineBanner\"><\/div>\n<p>Dnevnik &#8220;Blic&#8220; na albanskom jeziku u tekstu pod naslovom &#8220;Kosovu preti osuda za genocid&#8220; navodi da bi formiranje posebnih odeljenja moglo dovesti do takve osude i isti\u010de da \u0107e taj sud biti &#8220;izvan pravosudnog sistema Kosova.<\/p>\n<p>&#8220;Sudski procesi \u0107e biti pojedinacni, ali Kosovu preti da bude osu\u0111eno za genocid&#8220;, prenosi TV Kohavizon.<\/p>\n<p>I portal &#8220;koha.net&#8220; pi\u0161e da se u Nacrtu zakona za specijalni sud govori o genocidu kao krivi\u010dnom delu, gde se obja\u0161njava ko mo\u017ee biti osu\u0111en za takvo delo. Opisuju se sva krivicna dela koja mogu rezultirati kvalifikacijom genocida, navodi taj portal.<\/p>\n<p>Poznavaoci pravosudnog sistema ka\u017eu da kosovska politika treba da se pod svakim uslovom suprostavi tom delu Nacrta gde se govori o genocidu i da zahteva da se taj deo izbaci iz zakonskog predloga kako Kosovu ne bi pretila mogu\u0107nost da bude osu\u0111eno za genocid.<\/p>\n<\/div>\n<p><!--more--><\/p>\n<\/div>\n<\/div>\n","protected":false},"excerpt":{"rendered":"<p>Tanjug | 22. februar 2015. Eshumacija \u017ertava OVK U Nacrtu zakona za formiranje Specijalnog suda za ratne zlo\u010dine i njegovih odeljenja govori se o genocidu kao krivi\u010dnom delu, prenosi pri\u0161tinska \u0161tampa navode\u0107i da bi to moglo dovesti do toga da Kosovo bude osu\u0111eno za genocid, iako \u0107e sudski procesi biti pojedina\u010dni.<\/p>\n","protected":false},"author":2,"featured_media":0,"comment_status":"open","ping_status":"open","sticky":false,"template":"","format":"standard","meta":{"footnotes":""},"categories":[9],"tags":[],"_links":{"self":[{"href":"https:\/\/srcekrajine.org\/index.php?rest_route=\/wp\/v2\/posts\/3712"}],"collection":[{"href":"https:\/\/srcekrajine.org\/index.php?rest_route=\/wp\/v2\/posts"}],"about":[{"href":"https:\/\/srcekrajine.org\/index.php?rest_route=\/wp\/v2\/types\/post"}],"author":[{"embeddable":true,"href":"https:\/\/srcekrajine.org\/index.php?rest_route=\/wp\/v2\/users\/2"}],"replies":[{"embeddable":true,"href":"https:\/\/srcekrajine.org\/index.php?rest_route=%2Fwp%2Fv2%2Fcomments&post=3712"}],"version-history":[{"count":1,"href":"https:\/\/srcekrajine.org\/index.php?rest_route=\/wp\/v2\/posts\/3712\/revisions"}],"predecessor-version":[{"id":3713,"href":"https:\/\/srcekrajine.org\/index.php?rest_route=\/wp\/v2\/posts\/3712\/revisions\/3713"}],"wp:attachment":[{"href":"https:\/\/srcekrajine.org\/index.php?rest_route=%2Fwp%2Fv2%2Fmedia&parent=3712"}],"wp:term":[{"taxonomy":"category","embeddable":true,"href":"https:\/\/srcekrajine.org\/index.php?rest_route=%2Fwp%2Fv2%2Fcategories&post=3712"},{"taxonomy":"post_tag","embeddable":true,"href":"https:\/\/srcekrajine.org\/index.php?rest_route=%2Fwp%2Fv2%2Ftags&post=3712"}],"curies":[{"name":"wp","href":"https:\/\/api.w.org\/{rel}","templated":true}]}}