{"id":372,"date":"2010-01-19T06:14:56","date_gmt":"2010-01-19T05:14:56","guid":{"rendered":"http:\/\/37.251.99.59:5000\/?p=372"},"modified":"2010-01-19T06:14:56","modified_gmt":"2010-01-19T05:14:56","slug":"slave-qolujuq-i-qbljesakq","status":"publish","type":"post","link":"https:\/\/srcekrajine.org\/?p=372","title":{"rendered":"Slave &#8222;Oluju&#8220; i &#8222;Bljesak&#8220;"},"content":{"rendered":"<p>BEOGRAD &#8211; Hrvati nemaju nameru da slede Srbiju u osudi zlo\u010dina i usvoje deklaraciju o akcijama &#8222;Oluja&#8220; i &#8222;Bljesak! Naprotiv, u Hrvatskoj je jo\u0161 na snazi Deklaracija hrvatskog sabora o akciji hrvatske<\/p>\n<div class=\"field field-type-image field-field-image-for-teaser\" style=\"float: left; margin-right: 20px\">\n<div class=\"field-item\"> \t\t<img loading=\"lazy\" decoding=\"async\" src=\"http:\/\/www.kurir-info.rs\/\/files\/image_for_teaser\/Thumb_0402_12.jpg\" border=\"0\" width=\"350\" height=\"260\" \/>\t  <\/div>\n<\/p><\/div>\n<div class=\"field field-type-image field-field-image-for-teaser\" style=\"float: right\">\n<div class=\"field-item\"><\/div>\n<\/p><\/div>\n<p> vojske &#8222;Oluja&#8220;, doneta 30. avgusta 2006, u kojoj se ka\u017ee da je u pitanju &#8222;vojno-redarstvena akcija sprovedena uz po\u0161tovanje svih odredbi me\u0111unarodnog ratnog, humanitarnog i civilnog prava&#8220;.<\/p>\n<p> <!--more-->  <\/p>\n<p>\u00a0 \t\t  Jedan od zahteva srpske kontratu\u017ebe, kako saznajemo, jeste da se u Hrvatskoj promeni Zakon o blagdanima, spomendanima i neradnim danima u Republici Hrvatskoj, po kome se dan kada je zapo\u010deta &#8222;Oluje&#8220; slavi kao dr\u017eavni praznik. Direktor Dokumentacionog centra &#8222;Veritas&#8220; Savo \u0160trbac potvr\u0111uje na\u0161e saznanje.<\/p>\n<div class=\"field field-type-image field-field-image-for-teaser\" style=\"float: right\"> \t<\/div>\n<p> &#8211; To je 5. avgust koji su oni uzeli za po\u010detak &#8222;Oluje&#8220;, a naknadno su dodali i dan hrvatskih branitelja. Ovaj doga\u0111aj se slavi tri dana! Po\u0161to u kontratu\u017ebi tra\u017eimo da Me\u0111unarodni sud proglasi da je nad Srbima u Hrvatskoj izvr\u0161en genocid, posebno u &#8222;Oluja&#8220;, tra\u017eimo i da sud nalo\u017ei da se u Hrvatskoj promeni Zakon o blagdanima &#8211; obja\u0161njava \u0160trbac.<\/p>\n<div class=\"field field-type-image field-field-image-for-teaser\" style=\"float: right\">\n<div class=\"field-item\"><img loading=\"lazy\" decoding=\"async\" src=\"http:\/\/www.glas-javnosti.rs\/\/files\/image_for_teaser\/Thumb_19politikaoluja19.01.jpg\" border=\"0\" width=\"350\" height=\"270\" \/><\/div>\n<\/p><\/div>\n<p>On navodi da \u0107e Hrvati te\u0161ko ukinuti postoje\u0107u i usvojiti novu rezoluciju o &#8222;Oluji&#8220;.<br \/> &#8211; To Hrvati ne \u017eele i pored \u010dinjenice da se pred Me\u0111unarodnim krivi\u010dnim sudom za biv\u0161u Jugoslaviju vodi proces protiv hrvatskih generala za zlo\u010dine po\u010dinjene u &#8222;Oluji&#8220;, posebno na podru\u010dju severne Dalmacije i Like, gde su direktno optu\u017eeni Ante Gotovina, Ivan \u010cermak i Mladen Makra\u010d, a indirektno celi vojni i politi\u010dki vrh Hrvatske. Jedino bi Me\u0111unarodni sud pravde mogao naterati Hrvatsku da bri\u0161e postoje\u0107u i usvoji novu deklaraciju &#8211; isti\u010de \u0160trbac.<\/p>\n<p>Male \u0161anse usvajanju rezolucije u kojoj bi se osudili zlo\u010dini nad Srbima daje i Milorad Pupovac, potpredsednik SDSS.<br \/> &#8211; Mislim da \u0107e tako ne\u0161to biti potrebno i da je neka vrsta prostora za to stvorena. Me\u0111utim, kako u Hrvatskoj ne postoji dovoljna svest o tome koliko je Srba stradalo u Hrvatskoj i kolike su razmere tih stradanja, onda \u0107e najpre morati da se ljudi ovde osveste &#8211; nagla\u0161ava Pupovac.<\/p>\n<p>S druge strane, Vjerica Radeta iz SRS ka\u017ee da Hrvati ne\u0107e usvojiti rezoluciju, ali da ni mi ne treba da je usvajamo.<br \/> &#8211; Bez obzira \u0161to je Ivo Josipovi\u0107 novi predsednik Hrvatske, sumnjam da \u0107e se bilo \u0161ta promeniti. Du\u017enost Srbije je da utvrdi pravo stanje stvari u Srebrenici, a ne da usvaja nekakve rezolucije &#8211; smatra Radeta.<\/p>\n<p>Poslanik DS Sr\u0111an Milivojevi\u0107 ka\u017ee da je na Hrvatima da urade svoj deo posla.<br \/> &#8211; Na nama je da odradimo ono \u0161to je do nas. \u0160ta \u0107e Hrvatska uraditi ne znam, ali se nadam da \u0107e u\u010diniti ne\u0161to na popravljanju odnosa na\u0161e dve zemlje &#8211; poru\u010duje Milivojevi\u0107.<\/p>\n<p>Izjava predsednika Srbije Borisa Tadi\u0107a da samo politikom koja podrazumeva odavanje po\u0161te tu\u0111im \u017ertvama mo\u017eemo braniti i sopstvene \u017ertve izgleda da uop\u0161te nije dotakla Hrvate, pa tako ju\u010de iz kabineta novog predsednika Hrvatske Ive Josipovi\u0107a nismo uspeli da dobijemo odgovor na pitanje da li, u bli\u017eoj ili daljoj budu\u0107nosti, Hrvatska namerava da usvoji rezoluciju kojom \u0107e osuditi zlo\u010dine po\u010dinjene nad Srbima.<\/p>\n<p>\u00a0Izvor :<\/p>\n<p>Glas javnosti <\/p>\n","protected":false},"excerpt":{"rendered":"<p>BEOGRAD &#8211; Hrvati nemaju nameru da slede Srbiju u osudi zlo\u010dina i usvoje deklaraciju o akcijama &#8222;Oluja&#8220; i &#8222;Bljesak! Naprotiv, u Hrvatskoj je jo\u0161 na snazi Deklaracija hrvatskog sabora o akciji hrvatske vojske &#8222;Oluja&#8220;, doneta 30. avgusta 2006, u kojoj se ka\u017ee da je u pitanju &#8222;vojno-redarstvena akcija sprovedena uz po\u0161tovanje svih odredbi me\u0111unarodnog ratnog, [&hellip;]<\/p>\n","protected":false},"author":1,"featured_media":0,"comment_status":"open","ping_status":"open","sticky":false,"template":"","format":"standard","meta":{"footnotes":""},"categories":[1],"tags":[],"_links":{"self":[{"href":"https:\/\/srcekrajine.org\/index.php?rest_route=\/wp\/v2\/posts\/372"}],"collection":[{"href":"https:\/\/srcekrajine.org\/index.php?rest_route=\/wp\/v2\/posts"}],"about":[{"href":"https:\/\/srcekrajine.org\/index.php?rest_route=\/wp\/v2\/types\/post"}],"author":[{"embeddable":true,"href":"https:\/\/srcekrajine.org\/index.php?rest_route=\/wp\/v2\/users\/1"}],"replies":[{"embeddable":true,"href":"https:\/\/srcekrajine.org\/index.php?rest_route=%2Fwp%2Fv2%2Fcomments&post=372"}],"version-history":[{"count":0,"href":"https:\/\/srcekrajine.org\/index.php?rest_route=\/wp\/v2\/posts\/372\/revisions"}],"wp:attachment":[{"href":"https:\/\/srcekrajine.org\/index.php?rest_route=%2Fwp%2Fv2%2Fmedia&parent=372"}],"wp:term":[{"taxonomy":"category","embeddable":true,"href":"https:\/\/srcekrajine.org\/index.php?rest_route=%2Fwp%2Fv2%2Fcategories&post=372"},{"taxonomy":"post_tag","embeddable":true,"href":"https:\/\/srcekrajine.org\/index.php?rest_route=%2Fwp%2Fv2%2Ftags&post=372"}],"curies":[{"name":"wp","href":"https:\/\/api.w.org\/{rel}","templated":true}]}}