{"id":3726,"date":"2015-02-23T10:00:18","date_gmt":"2015-02-23T09:00:18","guid":{"rendered":"https:\/\/srcekrajine.org\/2015\/02\/23\/apel-roditelja-deca-niza-od-150-cm-moraju-u-auto-sedista\/"},"modified":"2015-02-23T10:00:18","modified_gmt":"2015-02-23T09:00:18","slug":"apel-roditelja-deca-niza-od-150-cm-moraju-u-auto-sedista","status":"publish","type":"post","link":"https:\/\/srcekrajine.org\/?p=3726","title":{"rendered":"Apel roditelja: Deca ni\u017ea od 150 cm moraju u auto-sedi\u0161ta"},"content":{"rendered":"<div class=\"ftpimagefix\" style=\"float:left\"><a class=\"colorbox\" href=\"http:\/\/vesti-online.com\/Slobodno-Vreme\/Auto-moto\/473222\/Apel-roditelja-Deca-niza-od-150-cm-moraju-u-auto-sedista\"><img decoding=\"async\" width=\"150\" src=\"http:\/\/vesti-online.com\/data\/images\/2015-02-22\/486285_sediste-reuters_kf.jpg\"><\/a><\/div>\n<p>Predlog za dodatne izmene Zakona o bezbednosti saobra\u0107aja, koji je Udru\u017eenje &#8222;Roditelj&#8220; uputilo Ministarstvu unutra\u0161njih poslova, predvi\u0111a da deca ni\u017ea od 150 centimetara moraju da se prevoze u auto sedi\u0161tima. <a href=\"http:\/\/vesti-online.com\/Slobodno-Vreme\/Auto-moto\/473222\/Apel-roditelja-Deca-niza-od-150-cm-moraju-u-auto-sedista\" class=\"colorbox\" id=\"rssmi_more\">[&#8230;]<\/a><\/p>\n","protected":false},"excerpt":{"rendered":"<p>Predlog za dodatne izmene Zakona o bezbednosti saobra\u0107aja, koji je Udru\u017eenje &#8222;Roditelj&#8220; uputilo Ministarstvu unutra\u0161njih poslova, predvi\u0111a da deca ni\u017ea od 150 centimetara moraju da se prevoze u auto sedi\u0161tima. [&#8230;]<\/p>\n","protected":false},"author":2,"featured_media":3727,"comment_status":"open","ping_status":"open","sticky":false,"template":"","format":"standard","meta":{"footnotes":""},"categories":[20],"tags":[],"_links":{"self":[{"href":"https:\/\/srcekrajine.org\/index.php?rest_route=\/wp\/v2\/posts\/3726"}],"collection":[{"href":"https:\/\/srcekrajine.org\/index.php?rest_route=\/wp\/v2\/posts"}],"about":[{"href":"https:\/\/srcekrajine.org\/index.php?rest_route=\/wp\/v2\/types\/post"}],"author":[{"embeddable":true,"href":"https:\/\/srcekrajine.org\/index.php?rest_route=\/wp\/v2\/users\/2"}],"replies":[{"embeddable":true,"href":"https:\/\/srcekrajine.org\/index.php?rest_route=%2Fwp%2Fv2%2Fcomments&post=3726"}],"version-history":[{"count":0,"href":"https:\/\/srcekrajine.org\/index.php?rest_route=\/wp\/v2\/posts\/3726\/revisions"}],"wp:featuredmedia":[{"embeddable":true,"href":"https:\/\/srcekrajine.org\/index.php?rest_route=\/wp\/v2\/media\/3727"}],"wp:attachment":[{"href":"https:\/\/srcekrajine.org\/index.php?rest_route=%2Fwp%2Fv2%2Fmedia&parent=3726"}],"wp:term":[{"taxonomy":"category","embeddable":true,"href":"https:\/\/srcekrajine.org\/index.php?rest_route=%2Fwp%2Fv2%2Fcategories&post=3726"},{"taxonomy":"post_tag","embeddable":true,"href":"https:\/\/srcekrajine.org\/index.php?rest_route=%2Fwp%2Fv2%2Ftags&post=3726"}],"curies":[{"name":"wp","href":"https:\/\/api.w.org\/{rel}","templated":true}]}}