{"id":380,"date":"2010-01-25T05:32:06","date_gmt":"2010-01-25T04:32:06","guid":{"rendered":"http:\/\/37.251.99.59:5000\/?p=380"},"modified":"2010-01-25T05:32:06","modified_gmt":"2010-01-25T04:32:06","slug":"od-slijepe-vjere-ostao-sam-slijep","status":"publish","type":"post","link":"https:\/\/srcekrajine.org\/?p=380","title":{"rendered":"Od slijepe vjere ostao sam slijep"},"content":{"rendered":"<p><img decoding=\"async\" class=\"weekly-img\" src=\"http:\/\/www.snv.hr\/images\/pages\/big-757.jpg\" border=\"0\" \/><strong>Kakvi \u010detnici, kakve gluposti! \u010cudno mi je da se  jedan doktor, zna\u010di \u0161kolovan \u010dovjek, tako pona\u0161a &#8211; ka\u017ee nam Bo\u0161ko Radi\u0107  kome je lije\u010dnik Esad Mujkanovi\u0107 jesenas mo\u017edani udar okarakterizirao,  kao prejedanje, danas ne vidi na jedno oko, ko\u010de mu se ruke, trnu usne i  prsti na nozi&#8230;<\/strong><\/p>\n<p> <!--more--> <\/p>\n<p>Odavno je za nama mjesec rujan i skandal  koji je odjeknuo u svim medijima, kada se lije\u010dnik u Domu zdravlja u <em>Oto\u010dcu<\/em>  <strong>Esad Mujkanovi\u0107<\/strong>, tada de\u017euran na Hitnoj pomo\u0107i, u  prostorijama te zdravstvene ustanove i s bijelom lije\u010dni\u010dkom kutom na  sebi obru\u0161io na na\u010delnika Op\u0107ine <em>Vrhovine<\/em> <strong>Milorada  Deli\u0107a<\/strong> i njegova zamjenika <strong>Miroslava Ma\u0161i\u0107a<\/strong>,  kada su ovi stigli intervenirati za svog sumje\u0161tanina Bo\u0161ka <strong>Radi\u0107a<\/strong>,  koji je u Dom zdravlja stigao sa simptomima mo\u017edanog udara. <\/p>\n<p>Lije\u010dnik  je to s golemim politi\u010dkim ambicijama koje nikada nije uspio ostvariti u  Vrhovinama u kojima je donedavno \u017eivio. U \u017eelji da postane op\u0107inski  na\u010delnik sprije\u010dio ga je upravo danas vladaju\u0107i SDSS, ne pristav\u0161i ga  kao nestrana\u010dku osobu \u2013 nedugo prije toga bio je izba\u010den iz redova HDZ-a  \u2013 na svojoj listi kandidirati za prvog \u010dovjeka Vrhovina. <\/p>\n<p><strong>Ministarstvo  jo\u0161 istra\u017euje <br \/><\/strong><br \/>Deli\u0107 i Ma\u0161i\u0107 kod Radi\u0107a su stigli tek  poslije intervencije njegova sina <strong>Slobodana<\/strong>, koji ih je  nazvao iz <em>Novog Sada<\/em> mole\u0107i ih da hitno odu po njegova oca  Bo\u0161ka i odvedu ga u neku drugu ustanovu, jer mu je Mujkanovi\u0107 u  telefonskom razgovoru poru\u010dio da mu ocu nije ni\u0161ta i da se, eto, tek  prejeo. Rekao je to za \u010dovjeka kojeg je susjeda na\u0161la kako le\u017ei na podu u  polusvjesnom stanju, iskrivljenih usta i izgubljenog vida na jedno oko.  <\/p>\n<p>A kada su ga dva najutjecajnija vrhovljanska gra\u0111anina, Deli\u0107 i  Ma\u0161i\u0107, zamolili da im za Radi\u0107a da uputnicu kako bi ga odvezli u  ogulinsku bolnicu, lije\u010dnik je odbio takvu mogu\u0107nost. Tada je uslijedilo  vrije\u0111anje koje je zgrozilo javnost. Osim \u0161to ga je poslije  potpisivanja peticije i slu\u017ebenog o\u010ditovanja Op\u0107ine Vrhovine, ravnatelj  Doma zdravlja <strong>Ivan Mileti\u0107<\/strong> maknuo s de\u017eurstva na Hitnoj  pomo\u0107i, Mujkanovi\u0107u se do danas nije dogodilo ba\u0161 ni\u0161ta. <\/p>\n<p>Na  molbu da nas upoznaju s poduzetim koracima u &#8222;slu\u010daju Mujkanovi\u0107&#8220; iz  Ministarstva zdravstva stigao je pisani odgovor.<\/p>\n<p>&#8222;Obavje\u0161tavam  Vas kako je zdravstvena inspekcija Ministarstva zdravstva i socijalne  skrbi zatra\u017eila o\u010ditovanje Doma zdravlja Oto\u010dac i Op\u0107e bolnice <em>Ogulin<\/em>  kao i dostavljanje relevantne medicinske dokumentacije, koje smo i  zaprimili. Dana 11. rujna 2009. godine zaprimljena o\u010ditovanja, kao i  medicinska dokumentacija proslije\u0111eni su na nadle\u017eno postupanje  Povjerenstvu za stru\u010dna pitanja i stru\u010dni nadzor i Povjerenstvu za  deontologiju, Hrvatskoj lije\u010dni\u010dkoj komori, radi davanja stru\u010dnog  mi\u0161ljenja o tome je li tijekom lije\u010denja pacijenta, u postupanju  zdravstvenog radnika Esada Mujkanovi\u0107a, do\u0161lo do stru\u010dnog propusta,  odnosno do povrede odredbi Kodeksa medicinske etike i deontologije. Dana  3. studenog 2009. godine upu\u0107ena je po\u017eurnica Povjerenstvu za stru\u010dna  pitanja i stru\u010dni nadzor i Povjerenstvu za medicinsku etiku i  deontologiju. Mi\u0161ljenja zasad nisu zaprimljena u Ministarstvu&#8220;, stoji u  dopisu \u0161to ga je potpisala <strong>Zora La\u017eeta<\/strong>. <\/p>\n<p><strong>Ugro\u017eavanje  ljudi <br \/><\/strong><br \/>Puna tri mjeseca, dakle, niti jedno od dva  povjerenstva nije uspjelo utvrditi je li Esad Mujkanovi\u0107 u\u010dinio kakav  lije\u010dni\u010dki ili eti\u010dki propust, a ovaj je u me\u0111uvremenu, nakon \u0161to je i  pred televizijskim kamerama potvrdio sve \u0161to je sasuo dvojici op\u0107inara,  dodatno osna\u017eio svoja stajali\u0161ta i u razgovoru \u0161to ga je dao &#8222;Hrvatskom  listu&#8220;. U razgovoru je izrijekom ustvrdio kako &#8222;politi\u010dke strukture Srba  u Hrvatskoj ponovo ru\u0161e ustavno-pravni poredak, stvaraju republiku  srpsku krajinu&#8230;&#8220; <\/p>\n<p>Prema tvrdnjama nekih u Vrhovinama, on odbija  nastaviti lije\u010diti lokalne Srbe, a na njihovim kartonima pi\u0161e &#8222;ne  lije\u010dim \u010detnike&#8220;! Slobodan Radi\u0107, sin jedva pre\u017eivjelog Bo\u0161ka, ka\u017ee: <\/p>\n<p>&#8211;  Sve te njegove izjave o \u010detni\u0161tvu su potpuno sulude, a ako netko  uistinu i jest \u010detnik, neka ga se odmah strpa u zatvor. U protivnom,  netko treba stati na kraj takvim njegovim lupetanjima i ugro\u017eavanju  ljudi. Pa danas je potpuno jasno da se Mujkanovi\u0107eva dijagnoza &#8222;prejeo  se&#8220; odnosi isklju\u010divo na Srbe, i to one \u017eivotno ugro\u017eene. <\/p>\n<p>Ina\u010de,  slu\u010daj &#8222;prejeo se&#8220; dogodio se i u ljeto 2008. godine, kada je  70-godi\u0161nju <strong>Mariju Jelovac<\/strong> u dvori\u0161tu obiteljske ku\u0107e u  Vrhovinama ugrizao poskok. Prema njezinim rije\u010dima, kada je do\u0161la u Dom  zdravlja ve\u0107 je bila sva poplavila, po\u010dela je gubiti vid na oba oka i  stalno je povra\u0107ala. <\/p>\n<p>&#8211; Taj doktor, me\u0111utim, rekao je da me nije  ugrizla nikakva zmija ve\u0107 da sam se &#8222;pre\u017ederala&#8220;. Dao mi je injekciju  protiv tetanusa i pustio me da le\u017eim u tamo\u0161njem stacionaru do idu\u0107eg  jutra. Tek su me tada odvezli u Gospi\u0107 i doslovno mi spasili \u017eivot &#8211;  ispri\u010dala je Marija Jelovac. <\/p>\n<p><strong>Najskuplji lijek pla\u0107a sam <br \/><\/strong><br \/>\u017divot  u Vrhovinama protje\u010de uobi\u010dajenom zimskom svakodnevicom i malo tko  danas uop\u0107e pamti &#8222;slu\u010daj Radi\u0107&#8220;. Svi se bave svojim \u017eivotima i, na  koncu, jedino se Bo\u0161ko Radi\u0107 svakodnevno prisjeti doktora Mujkanovi\u0107a. <\/p>\n<p>Posjetili  smo ga u njegovoj ku\u0107i, a na pitanje kako je, odgovorio je jednom  rije\u010dju: &#8222;\u0106oravo!&#8220; Na jednom oku, naime, vid mu je nepovratno izgubljen,  a pitanje je \u0161to \u0107e biti i s drugim. Ovisi o brojnim lijekovima koje  svakoga dana mora piti, a posebno ga poga\u0111a \u0161to jedan od njih, i to onaj  najskuplji, mora sam pla\u0107ati jer mu taj dio tro\u0161kova lije\u010denja ne  pokriva HZZO. Unato\u010d tome \u0161to je i dopunski osiguranik. <\/p>\n<p>&#8211; Taj  lijek za razrje\u0111ivanje krvi pla\u0107am sam 320 kuna i tako svakih 28 dana.  \u0160to da vam ka\u017eem, ako znate da mi je mirovina 1.300 kuna, a odradio sam  svojih 35 godina sta\u017ea &#8211; razo\u010darano ka\u017ee Radi\u0107. Gornja usna i prsti  lijeve noge konstantno su mu utrnuti. Iz ku\u0107e uop\u0107e ne izlazi, ni\u010dim se  ne mo\u017ee baviti. \u010cega god se uhvati traje kratko, jer mu se ruke uko\u010de, a  zimu podnosi stra\u0161no te\u0161ko jer mu je, poslije svega \u0161to je pro\u017eivio,  cirkulacija vrlo lo\u0161a. <br \/>Nerado se sje\u0107a kriti\u010dnoga dana. <\/p>\n<p>&#8211;  Sve ovo te\u0161ko mi je komentirati. Kakvi \u010detnici, kakve gluposti! \u010cudno mi  je da se jedan doktor, zna\u010di \u0161kolovan \u010dovjek, tako pona\u0161a. Mi svi u  doktore slijepo vjerujemo, a do\u017eivljavamo takve stvari. Od slijepe vjere  ja, eto, ostah slijep &#8211; ka\u017ee Radi\u0107 koji Mujkanovi\u0107a nikada prije nije  upoznao niti je bio njegov pacijent, pa se stoga jo\u0161 vi\u0161e \u010dudi takvoj  njegovoj reakciji. <\/p>\n<p>&#8211; Mo\u017eda se odgovor krije u tome \u0161to on o\u010dito  ne voli nikoga iz Vrhovina. \u010cujte, moja je susjeda, koja me na\u0161la da tu  le\u017eim na podu, zvala hitnu pomo\u0107 \u0161est-sedam puta, ali se on na pozive,  kada ugleda prve tri znamenke 775, \u0161to zna\u010di da poziv sti\u017ee iz Vrhovina,  jednostavno ne \u017eeli javiti. Ali od svega me najvi\u0161e boli \u010dinjenica da  se usudio re\u0107i da se sve to dogodilo jer se &#8222;mrcina najela i napila&#8220;, a  ja u \u017eivotu nisam pio alkohol. Kasnije je ne\u0161to lupetao da danima nisam  jeo pa mi je pozlilo. Stra\u0161no je sve to, a stra\u0161no je \u0161to takvog \u010dovjeka  i danas dr\u017ee kao lije\u010dnika &#8211; zaklju\u010duje Radi\u0107. <\/p>\n<p>Svoje  razo\u010daranje potpunom pasivno\u0161\u0107u pravne dr\u017eave i struke izrazio je i  zamjenik na\u010delnika Op\u0107ine Miroslav Ma\u0161i\u0107. Podsjetio je kako je op\u0107ina  prikupila vi\u0161e od 350 potpisa sumje\u0161tana koji su tra\u017eili Mujkanovi\u0107evo  uklanjanje s Hitne pomo\u0107i, \u010demu je i udovoljeno. <\/p>\n<p><strong>\u0160irenje  vjerske i rasne mr\u017enje <br \/><\/strong><br \/>&#8211; Htjeli smo da gra\u0111ani koji  dobrovoljno nisu njegovi pacijenti vi\u0161e nemaju nikakva doticaja s njim  kako bi se izbjegli mogu\u0107i novi slu\u010dajevi &#8211; ka\u017ee Ma\u0161i\u0107. Spominje i kako  je prije dvadesetak dana, a to nam je potvrdio i ravnatelj Doma zdravlja  Ivan Mileti\u0107, u Oto\u010dcu i vrhovljanskoj ambulanti bila inspekcija  Ministarstva zdravstva koja je pregledala sve kartone Mujkanovi\u0107evih  pacijenata, pa tako i onih koji su to nekada bili, odnosno onih kojima  je lije\u010dnik vratio kartone. Na nekima je, nagla\u0161ava Ma\u0161i\u0107, napisao kako  ne \u017eeli lije\u010diti \u010detnike. <\/p>\n<p>&#8211; I danas, kao i toga dana, razmi\u0161ljam  kako je \u017ealosno \u0161to takvi pojedina\u010dni slu\u010dajevi naru\u0161avaju dobre odnose  u Li\u010dko-senjskoj \u017eupaniji, a rastu\u017euje me stra\u0161no troma reakcija pravne  dr\u017eave. Sre\u0107om, sve \u0161to se doga\u0111alo nije ostavilo nikakve trajne  posljedice u ovom kraju, jer gotovo sto posto stanovni\u0161tva ima identi\u010dno  mi\u0161ljenje o Mujkanovi\u0107u, pa su\u017eivot u Vrhovinama ne ispa\u0161ta, ali trajno  ispa\u0161ta pacijent Radi\u0107. <\/p>\n<p>Na dan na\u0161eg dolaska u Oto\u010dac i  Vrhovine Esad Mujkanovi\u0107 nije bio na svom radnom mjestu u Domu zdravlja.  U tome ga je sprije\u010dilo sudsko ro\u010di\u0161te koje se odr\u017eavalo toga dana, a  na hodniku suda u Gra\u010dacu sreo ga je upravo Miroslav Ma\u0161i\u0107. Lije\u010dnika i  nesu\u0111enog politi\u010dara tu\u017eio je sada\u0161nji pro\u010delnik jedinstvenog upravnog  odjela Op\u0107ine Vrhovine Gojko Majeti\u0107, kojeg je Mujkanovi\u0107 javno, pred  televizijskim kamerama jedne nacionalne televizije, optu\u017eio da je bio  naru\u010ditelj ubojstva predsjednika vrhovljanskog HDZ-a, 19-godi\u0161njeg  Josipa \u010corka, koji je 2005. godine poginuo u prometnoj nesre\u0107i u  Vrhovinama. <\/p>\n<p>&#8211; Svi su o\u010devidi i vje\u0161ta\u010denja utvrdili da je  nesretni \u010corak poginuo u prometnoj nesre\u0107i. Trebate znati da su Vrhovine  valjda jedino mjesto u kojemu nikada nije zabilje\u017een ni najmanji  me\u0111unacionalni incident &#8211; komentira Ma\u0161i\u0107. <\/p>\n<p>Zamjenik op\u0107inskog  na\u010delnika osvrnuo se i na lije\u010dnikov intervju u <em>&#8222;Hrvatskom listu&#8220;. <br \/><\/em><br \/>&#8211;  Problemati\u010dno je ve\u0107 i to \u0161to se s tim \u010dovjekom plasira razgovor na pet  stranica, a da nikome od nas prozvanih nije dana \u0161ansa da odgovorimo.  On tu imenom i prezimenom optu\u017euje ljude, a mene naziva \u010detnikom. Znate,  ja sam za vrijeme rata imao devet godina i ako sam bio \u010detnik,  inzistiram da me se uhapsi i procesuira, a ako se to ne dogodi, o\u010dekujem  da dr\u017eava pokrene postupak protiv njega zbog \u0161irenja vjerske i rasne  mr\u017enje. Upravo sam to i napisao u svom reagiranju na portalu <em>&#8222;Slobodna  Lika&#8220;,<\/em> koji je prenio Mujkanovi\u0107ev intervju &#8211; ka\u017ee Ma\u0161i\u0107, dodav\u0161i  kako je cijeli novinski napis intoniran kao klasi\u010dni poziv na lin\u010d  dvojice vode\u0107ih op\u0107inara. Sre\u0107om, ustvrdio je, i njega i na\u010delnika  Deli\u0107a u Lici znaju svi, ali u drugim krajevima Hrvatske takav bi lov na  glave mogao biti poguban. <\/p>\n<p><strong><em>Ernest Marinkovi\u0107 <\/em><\/strong><\/p>\n","protected":false},"excerpt":{"rendered":"<p>Kakvi \u010detnici, kakve gluposti! \u010cudno mi je da se jedan doktor, zna\u010di \u0161kolovan \u010dovjek, tako pona\u0161a &#8211; ka\u017ee nam Bo\u0161ko Radi\u0107 kome je lije\u010dnik Esad Mujkanovi\u0107 jesenas mo\u017edani udar okarakterizirao, kao prejedanje, danas ne vidi na jedno oko, ko\u010de mu se ruke, trnu usne i prsti na nozi&#8230;<\/p>\n","protected":false},"author":1,"featured_media":0,"comment_status":"open","ping_status":"open","sticky":false,"template":"","format":"standard","meta":{"footnotes":""},"categories":[1],"tags":[],"_links":{"self":[{"href":"https:\/\/srcekrajine.org\/index.php?rest_route=\/wp\/v2\/posts\/380"}],"collection":[{"href":"https:\/\/srcekrajine.org\/index.php?rest_route=\/wp\/v2\/posts"}],"about":[{"href":"https:\/\/srcekrajine.org\/index.php?rest_route=\/wp\/v2\/types\/post"}],"author":[{"embeddable":true,"href":"https:\/\/srcekrajine.org\/index.php?rest_route=\/wp\/v2\/users\/1"}],"replies":[{"embeddable":true,"href":"https:\/\/srcekrajine.org\/index.php?rest_route=%2Fwp%2Fv2%2Fcomments&post=380"}],"version-history":[{"count":0,"href":"https:\/\/srcekrajine.org\/index.php?rest_route=\/wp\/v2\/posts\/380\/revisions"}],"wp:attachment":[{"href":"https:\/\/srcekrajine.org\/index.php?rest_route=%2Fwp%2Fv2%2Fmedia&parent=380"}],"wp:term":[{"taxonomy":"category","embeddable":true,"href":"https:\/\/srcekrajine.org\/index.php?rest_route=%2Fwp%2Fv2%2Fcategories&post=380"},{"taxonomy":"post_tag","embeddable":true,"href":"https:\/\/srcekrajine.org\/index.php?rest_route=%2Fwp%2Fv2%2Ftags&post=380"}],"curies":[{"name":"wp","href":"https:\/\/api.w.org\/{rel}","templated":true}]}}