{"id":386,"date":"2010-02-02T16:09:07","date_gmt":"2010-02-02T15:09:07","guid":{"rendered":"http:\/\/37.251.99.59:5000\/?p=386"},"modified":"2010-02-02T16:09:07","modified_gmt":"2010-02-02T15:09:07","slug":"qstreljaniq-u-srebrenici-a-glasaju-u-evropi","status":"publish","type":"post","link":"https:\/\/srcekrajine.org\/?p=386","title":{"rendered":"&#8222;Streljani&#8220; u Srebrenici, a glasaju u Evropi"},"content":{"rendered":"<div class=\"content\">\n<div class=\"field field-type-image field-field-image-for-teaser\" style=\"float: right\">\n<div class=\"field-item\"><img loading=\"lazy\" decoding=\"async\" src=\"http:\/\/www.glas-javnosti.rs\/\/files\/image_for_teaser\/02-politika_gornji-1-_2010..jpg\" border=\"0\" width=\"350\" height=\"270\" \/>\u00a0 <\/div>\n<\/p><\/div>\n<p>\u00a0BEOGRAD &#8211; \u0160vajcarac Aleksandar Dorin, poreklom Srbin, objavio je  knjigu &#8222;Srebrenica &#8211; istorija jednog salonskog rasizma&#8220;, u kojoj  &#8222;otkriva la\u017ei o srpskom narodu koji je punih 60 godina u kontinuitetu  stradao i odjednom postao agresor i jedini krivac za sva zla koja se  de\u0161avaju u svetu&#8220;.<\/p>\n<p> <!--more-->  <\/p>\n<p>On navodi da je koristio podatke koje je dobio od mnogobrojnih  novinara, politi\u010dara, stru\u010dnjaka i agenata iz Evrope i Amerike, koji su  u\u010destvovali u ratu na prostorima biv\u0161e SFRJ, a kojima dokazuje da su  Srbi la\u017eno optu\u017eeni za masakr na pijaci Markale u Sarajevu, granatiranja  Dubrovnika i Sarajeva, kao i silovanje vi\u0161e od 50.000 muslimanki pa sve  do navodnog genocida u Srebrenici.<\/p>\n<p>&#8211; Neki od njih tvrdi da su na sednicama NATO \u010duli hvalisanja generala  da su razbili Jugoslaviju i da je taj plan postojao najmanje 20 godina  pre po\u010detka poslednjeg rata &#8211; isti\u010de Dorin za jedan beogradski list.<\/p>\n<p>Najve\u0107u pa\u017enju posvetio je slu\u010daju Srebrenica, kojim se bavio punih  14 godina, i prikupio je mno\u0161tvo dokaza da su pri\u010de i brojke o  muslimanskim \u017ertvama iskonstruisane.<\/p>\n<p>&#8211; Sami muslimanski izvori potvr\u0111uju da su prilikom povla\u010denja iz  Srebrenice prema Tuzli njihovi vojnici vodili \u017eestoke borbe sa srpskom  armijom u kojima je poginulo oko 2.000 boraca, a oni su prezentovani kao  \u017ertve streljanja u Srebrenici. Pored toga, na birali\u0161tima \u0161irom Evrope  pojavilo se oko 3.000 imena mu\u0161karaca koji su navodno streljani i  sahranjeni u Srebrenici &#8211; ka\u017ee Dorin, koji poseduje listu sa tim spornim  imenima.<\/p>\n<p>Dugogodi\u0161njim istra\u017eivanjem do\u0161ao je do broja od 5.000 navodnih  ubijenih koji nikako nisu mogli da budu srebreni\u010dke \u017ertve jer u to vreme  nisu ni bili u Srebrenici ve\u0107 negde u inostranstvu. Dorin ukazuje da se  u manipulativnu brojku od 8.000 streljanih ubraja i oko hiljadu vojnika  koji su stradali na rati\u0161tima \u0161irom Bosne izme\u0111u 1992. i 1994. godine.<\/p>\n<p>\u00a0<\/p>\n<p>\u00a0Glas javnosti &#8211; Maja <em>\u010canovi<\/em>\u0107 <\/p>\n<\/p><\/div>\n","protected":false},"excerpt":{"rendered":"<p>\u00a0 \u00a0BEOGRAD &#8211; \u0160vajcarac Aleksandar Dorin, poreklom Srbin, objavio je knjigu &#8222;Srebrenica &#8211; istorija jednog salonskog rasizma&#8220;, u kojoj &#8222;otkriva la\u017ei o srpskom narodu koji je punih 60 godina u kontinuitetu stradao i odjednom postao agresor i jedini krivac za sva zla koja se de\u0161avaju u svetu&#8220;.<\/p>\n","protected":false},"author":1,"featured_media":0,"comment_status":"open","ping_status":"open","sticky":false,"template":"","format":"standard","meta":{"footnotes":""},"categories":[1],"tags":[],"_links":{"self":[{"href":"https:\/\/srcekrajine.org\/index.php?rest_route=\/wp\/v2\/posts\/386"}],"collection":[{"href":"https:\/\/srcekrajine.org\/index.php?rest_route=\/wp\/v2\/posts"}],"about":[{"href":"https:\/\/srcekrajine.org\/index.php?rest_route=\/wp\/v2\/types\/post"}],"author":[{"embeddable":true,"href":"https:\/\/srcekrajine.org\/index.php?rest_route=\/wp\/v2\/users\/1"}],"replies":[{"embeddable":true,"href":"https:\/\/srcekrajine.org\/index.php?rest_route=%2Fwp%2Fv2%2Fcomments&post=386"}],"version-history":[{"count":0,"href":"https:\/\/srcekrajine.org\/index.php?rest_route=\/wp\/v2\/posts\/386\/revisions"}],"wp:attachment":[{"href":"https:\/\/srcekrajine.org\/index.php?rest_route=%2Fwp%2Fv2%2Fmedia&parent=386"}],"wp:term":[{"taxonomy":"category","embeddable":true,"href":"https:\/\/srcekrajine.org\/index.php?rest_route=%2Fwp%2Fv2%2Fcategories&post=386"},{"taxonomy":"post_tag","embeddable":true,"href":"https:\/\/srcekrajine.org\/index.php?rest_route=%2Fwp%2Fv2%2Ftags&post=386"}],"curies":[{"name":"wp","href":"https:\/\/api.w.org\/{rel}","templated":true}]}}