{"id":387,"date":"2010-02-03T08:42:25","date_gmt":"2010-02-03T07:42:25","guid":{"rendered":"http:\/\/37.251.99.59:5000\/?p=387"},"modified":"2010-02-03T08:42:25","modified_gmt":"2010-02-03T07:42:25","slug":"uloga-vatikana-u-jasenovcu","status":"publish","type":"post","link":"https:\/\/srcekrajine.org\/?p=387","title":{"rendered":"Uloga Vatikana u Jasenovcu"},"content":{"rendered":"<p id=\"article_lead\">Evropski \u010dasopis \u201eSvet Evrope\u201c (\u201eEurope\u2019s World\u201c)  objavio je, povodom Svetskog dana se\u0107anja na \u017ertve holokausta, da je  \u201eusta\u0161ki logor Jasenovac u nacisti\u010dkoj marionetskoj Nezavisnoj Dr\u017eavi  Hrvatskoj (NDH) bio tre\u0107i najve\u0107i i verovatno najsvirepiji logor za  istrebljenje u Drugom svetskom ratu\u201c. <\/p>\n<p> <!--more--> <\/p>\n<p> \t\t  U iscrpnom osvrtu, pod naslovom \u201eJasenovac &#8211; holokaust koji je  podstaknut od Vatikana\u201c, \u010dasopis u kojem sara\u0111uju ugledni evropski  intelektualci i politi\u010dari navodi da se okrutnost u Jasenovcu \u201emo\u017ee  objasniti vi\u0161e verskim nego drugim razlozima\u201c.<br \/> \u201eVatikan je odigrao va\u017enu ulogu u potonjim doga\u0111ajima pranja novca i  za\u0161tite ratnih zlo\u010dinaca\u201c, pi\u0161e finski stru\u010dnjak za balkansku politiku  Ari Rusila.<br \/> Na sudskom procesu u Americi, dodaje on, \u201eVatikanska banka je optu\u017eena  da je \u2018oprala\u2019 deo usta\u0161kog oplja\u010dkanog blaga\u201c, a 1986. ameri\u010dka vlada  objavila je dokumenta koja pokazuju da je \u201eVatikan organizovao bekstvo  usta\u0161kog poglavnika Ante Paveli\u0107a i jo\u0161 200 visokih zvani\u010dnika usta\u0161kog  re\u017eima u Argentinu\u201c.<br \/> \u201eUsta\u0161ki vo\u0111i su\u201c, isti\u010de autor, \u201estavili do znanja da \u017eele da pobiju  tre\u0107inu srpskog stanovni\u0161tva u Hrvatskoj, tre\u0107inu da deportuju, a ostalu  tre\u0107inu da iz pravoslavlja prekrste u katolicizam &#8211; svi koji su to  odbili bili su usmr\u0107eni\u201c.<br \/> \u201e\u010cak 743 katoli\u010dka sve\u0161tenika bili su pripadnici usta\u0161a i li\u010dno ubijali  Srbe, Jevreje i Rome; logorom Jasenovac je upravljao fra  Filipovi\u0107-Majstorovi\u0107, katoli\u010dki prelat\u201c, isti\u010de se u tekstu.   \t\t   \t\t  <\/p>\n<p>Glas javnosti &#8211; <span>02. 02. 2010.<\/span> <\/p>\n","protected":false},"excerpt":{"rendered":"<p>Evropski \u010dasopis \u201eSvet Evrope\u201c (\u201eEurope\u2019s World\u201c) objavio je, povodom Svetskog dana se\u0107anja na \u017ertve holokausta, da je \u201eusta\u0161ki logor Jasenovac u nacisti\u010dkoj marionetskoj Nezavisnoj Dr\u017eavi Hrvatskoj (NDH) bio tre\u0107i najve\u0107i i verovatno najsvirepiji logor za istrebljenje u Drugom svetskom ratu\u201c.<\/p>\n","protected":false},"author":1,"featured_media":0,"comment_status":"open","ping_status":"open","sticky":false,"template":"","format":"standard","meta":{"footnotes":""},"categories":[1],"tags":[],"_links":{"self":[{"href":"https:\/\/srcekrajine.org\/index.php?rest_route=\/wp\/v2\/posts\/387"}],"collection":[{"href":"https:\/\/srcekrajine.org\/index.php?rest_route=\/wp\/v2\/posts"}],"about":[{"href":"https:\/\/srcekrajine.org\/index.php?rest_route=\/wp\/v2\/types\/post"}],"author":[{"embeddable":true,"href":"https:\/\/srcekrajine.org\/index.php?rest_route=\/wp\/v2\/users\/1"}],"replies":[{"embeddable":true,"href":"https:\/\/srcekrajine.org\/index.php?rest_route=%2Fwp%2Fv2%2Fcomments&post=387"}],"version-history":[{"count":0,"href":"https:\/\/srcekrajine.org\/index.php?rest_route=\/wp\/v2\/posts\/387\/revisions"}],"wp:attachment":[{"href":"https:\/\/srcekrajine.org\/index.php?rest_route=%2Fwp%2Fv2%2Fmedia&parent=387"}],"wp:term":[{"taxonomy":"category","embeddable":true,"href":"https:\/\/srcekrajine.org\/index.php?rest_route=%2Fwp%2Fv2%2Fcategories&post=387"},{"taxonomy":"post_tag","embeddable":true,"href":"https:\/\/srcekrajine.org\/index.php?rest_route=%2Fwp%2Fv2%2Ftags&post=387"}],"curies":[{"name":"wp","href":"https:\/\/api.w.org\/{rel}","templated":true}]}}