{"id":388,"date":"2010-02-04T17:55:40","date_gmt":"2010-02-04T16:55:40","guid":{"rendered":"http:\/\/37.251.99.59:5000\/?p=388"},"modified":"2010-02-04T17:55:40","modified_gmt":"2010-02-04T16:55:40","slug":"urin-sa-mladiem-sam-gledao-fudbalsku-utakmicu","status":"publish","type":"post","link":"https:\/\/srcekrajine.org\/?p=388","title":{"rendered":"\u0106ur\u010din: Sa Mladi\u0107em sam gledao fudbalsku utakmicu"},"content":{"rendered":"<p id=\"article_lead\">\u00a0Beta\t\t| <span>04. 02. 2010.<\/span><\/p>\n<p id=\"article_lead\">Penzionisani general Vojske Jugoslavije \u0110or\u0111e  \u0106ur\u010din izjavio je danas pred Ha\u0161kim tribunalom da je 1999. godine u  Beogradu zajedno sa generalom Ratkom Mladi\u0107em gledao fudbalsku utakmicu  Jugoslavija-Hrvatska. <\/p>\n<p><img loading=\"lazy\" decoding=\"async\" class=\"img_full\" src=\"http:\/\/www.blic.rs\/data\/images\/2010-02-04\/10296_mladic-ap-_f.jpg?ver=1265296179\" border=\"0\" width=\"470\" height=\"270\" \/>  <\/p>\n<p> <!--more--> <\/p>\n<p>&#8222;Bio sam s generalom Mladi\u0107em na utakmici Jugoslavija-Hrvatska  koju smo zajedno gledali&#8230; To nije bilo ni\u0161ta tajno&#8220;, rekao je \u0106ur\u010din, u  to vreme na visokom polo\u017eaju u komandi Prve armije VJ. <\/p>\n<p>\u00a0<\/p>\n<p>Jedina utakmica izme\u0111u fudbalskih reprezentacija SR Jugoslavije i  Hrvatske u Beogradu odigrana je 18. avgusta 1999. na stadionu Crvene  zvezde. General \u0106ur\u010din je rekao da se sa Mladi\u0107em povremeno sretao od  1997. sve do januara 2002. godine, a da se posle toga nisu ni videli ni  \u010duli. \u0106ur\u010din je rekao i da &#8222;ni po koju cenu&#8220; ne bi prijavio Mladi\u0107a, \u010dak  i da zna gde je.  <\/p>\n<p>&#8222;I danas ka\u017eem da ne bih prijavio, uhapsio, ni isporu\u010dio generala  Mladi\u0107a ni po koju cenu, kad bih znao gde je. To je moj hipoteti\u010dki  odgovor na hipoteti\u010dko pitanje&#8220;, rekao je \u0106ur\u010din. <\/p>\n<p>\u00a0<\/p>\n<p>\u00a0<\/p>\n<p>Ha\u0161ki tribunal je generala Mladi\u0107a 1995. optu\u017eio za genocid i  zlo\u010dine protiv \u010dove\u010dnosti nad Muslimanima i Hrvatima tokom rata u BiH.  \u0106ur\u010din je potvrdio da je Mladi\u0107a posetio nekoliko puta tokom 1997, u  vojnom odmarali\u0161tu na Rajcu. U posetu Mladi\u0107u, po \u0106ur\u010dinovom iskazu, u  to vreme do\u0161ao je i tada\u0161nji na\u010delnik General\u0161taba VJ Mom\u010dilo Peri\u0161i\u0107.  <\/p>\n<p>Posvedo\u010dio je i da je osoblju odmarali\u0161ta na Rajcu tada rekao da  nikome ne govori o Mladi\u0107u s ciljem da se &#8222;njemu ne nanese zlo&#8220;, odnosno  da ga ne bi otele snage NATO iz BiH ili &#8222;neke odmetni\u010dke grupe&#8220; iz  Srbije.  <\/p>\n<p>\u00a0<\/p>\n<p>\u0106ur\u010din je pred Tribunalom iskaz dao kao svedok odbrane na su\u0111enju  penzionisanom generalu MUP Srbije Vlastimiru \u0110or\u0111evi\u0107u, optu\u017eenom za  zlo\u010dine nad kosovskim Albancima 1999. godine. Tokom unakrsnog  ispitivanja, zastupnica optu\u017ebe ga je, osporavaju\u0107i njegovu  verodostojnost, ispitivala o susretima s Mladi\u0107em.  <\/p>\n<p>Pro\u0161le godine, \u0106ur\u010din je, na obavezuju\u0107i poziv Tribunala, o tome  svedo\u010dio u procesu protiv Peri\u0161i\u0107a, optu\u017eenog za zlo\u010dine nad nesrbima u  Sarajevu, Zagrebu i Srebrenici od 1992 do 1995<\/p>\n","protected":false},"excerpt":{"rendered":"<p>\u00a0Beta | 04. 02. 2010. Penzionisani general Vojske Jugoslavije \u0110or\u0111e \u0106ur\u010din izjavio je danas pred Ha\u0161kim tribunalom da je 1999. godine u Beogradu zajedno sa generalom Ratkom Mladi\u0107em gledao fudbalsku utakmicu Jugoslavija-Hrvatska.<\/p>\n","protected":false},"author":1,"featured_media":0,"comment_status":"open","ping_status":"open","sticky":false,"template":"","format":"standard","meta":{"footnotes":""},"categories":[1],"tags":[],"_links":{"self":[{"href":"https:\/\/srcekrajine.org\/index.php?rest_route=\/wp\/v2\/posts\/388"}],"collection":[{"href":"https:\/\/srcekrajine.org\/index.php?rest_route=\/wp\/v2\/posts"}],"about":[{"href":"https:\/\/srcekrajine.org\/index.php?rest_route=\/wp\/v2\/types\/post"}],"author":[{"embeddable":true,"href":"https:\/\/srcekrajine.org\/index.php?rest_route=\/wp\/v2\/users\/1"}],"replies":[{"embeddable":true,"href":"https:\/\/srcekrajine.org\/index.php?rest_route=%2Fwp%2Fv2%2Fcomments&post=388"}],"version-history":[{"count":0,"href":"https:\/\/srcekrajine.org\/index.php?rest_route=\/wp\/v2\/posts\/388\/revisions"}],"wp:attachment":[{"href":"https:\/\/srcekrajine.org\/index.php?rest_route=%2Fwp%2Fv2%2Fmedia&parent=388"}],"wp:term":[{"taxonomy":"category","embeddable":true,"href":"https:\/\/srcekrajine.org\/index.php?rest_route=%2Fwp%2Fv2%2Fcategories&post=388"},{"taxonomy":"post_tag","embeddable":true,"href":"https:\/\/srcekrajine.org\/index.php?rest_route=%2Fwp%2Fv2%2Ftags&post=388"}],"curies":[{"name":"wp","href":"https:\/\/api.w.org\/{rel}","templated":true}]}}