{"id":3884,"date":"2015-03-03T09:55:50","date_gmt":"2015-03-03T08:55:50","guid":{"rendered":"https:\/\/srcekrajine.org\/2015\/03\/03\/a-automobil-godine-u-evropi-je\/"},"modified":"2015-03-03T09:55:50","modified_gmt":"2015-03-03T08:55:50","slug":"a-automobil-godine-u-evropi-je","status":"publish","type":"post","link":"https:\/\/srcekrajine.org\/?p=3884","title":{"rendered":"A automobil godine u Evropi je&#8230;"},"content":{"rendered":"<div class=\"ftpimagefix\" style=\"float:left\"><a class=\"colorbox\" href=\"http:\/\/vesti-online.com\/Slobodno-Vreme\/Auto-moto\/475438\/A-automobil-godine-u-Evropi-je\"><img decoding=\"async\" width=\"150\" src=\"http:\/\/vesti-online.com\/data\/images\/2015-03-02\/488528_folksvagen-pasat-1_kf.jpg\"><\/a><\/div>\n<p>Uo\u010di otvaranja 85. me\u0111unarodnog sajma automobila u \u017denevi, u tom \u0161vajcarskom gradu odr\u017ean je zavr\u0161ni deo izbora za evropski &#8222;Automobil 2015. godine&#8220; (Car of the Year 2015) na kome je pobedio Folksagen Pasat. <a href=\"http:\/\/vesti-online.com\/Slobodno-Vreme\/Auto-moto\/475438\/A-automobil-godine-u-Evropi-je\" class=\"colorbox\" id=\"rssmi_more\">[&#8230;]<\/a><\/p>\n","protected":false},"excerpt":{"rendered":"<p>Uo\u010di otvaranja 85. me\u0111unarodnog sajma automobila u \u017denevi, u tom \u0161vajcarskom gradu odr\u017ean je zavr\u0161ni deo izbora za evropski &#8222;Automobil 2015. godine&#8220; (Car of the Year 2015) na kome je pobedio Folksagen Pasat. [&#8230;]<\/p>\n","protected":false},"author":2,"featured_media":3885,"comment_status":"open","ping_status":"open","sticky":false,"template":"","format":"standard","meta":{"footnotes":""},"categories":[20],"tags":[],"_links":{"self":[{"href":"https:\/\/srcekrajine.org\/index.php?rest_route=\/wp\/v2\/posts\/3884"}],"collection":[{"href":"https:\/\/srcekrajine.org\/index.php?rest_route=\/wp\/v2\/posts"}],"about":[{"href":"https:\/\/srcekrajine.org\/index.php?rest_route=\/wp\/v2\/types\/post"}],"author":[{"embeddable":true,"href":"https:\/\/srcekrajine.org\/index.php?rest_route=\/wp\/v2\/users\/2"}],"replies":[{"embeddable":true,"href":"https:\/\/srcekrajine.org\/index.php?rest_route=%2Fwp%2Fv2%2Fcomments&post=3884"}],"version-history":[{"count":0,"href":"https:\/\/srcekrajine.org\/index.php?rest_route=\/wp\/v2\/posts\/3884\/revisions"}],"wp:featuredmedia":[{"embeddable":true,"href":"https:\/\/srcekrajine.org\/index.php?rest_route=\/wp\/v2\/media\/3885"}],"wp:attachment":[{"href":"https:\/\/srcekrajine.org\/index.php?rest_route=%2Fwp%2Fv2%2Fmedia&parent=3884"}],"wp:term":[{"taxonomy":"category","embeddable":true,"href":"https:\/\/srcekrajine.org\/index.php?rest_route=%2Fwp%2Fv2%2Fcategories&post=3884"},{"taxonomy":"post_tag","embeddable":true,"href":"https:\/\/srcekrajine.org\/index.php?rest_route=%2Fwp%2Fv2%2Ftags&post=3884"}],"curies":[{"name":"wp","href":"https:\/\/api.w.org\/{rel}","templated":true}]}}