{"id":392,"date":"2010-02-09T07:35:05","date_gmt":"2010-02-09T06:35:05","guid":{"rendered":"http:\/\/37.251.99.59:5000\/?p=392"},"modified":"2010-02-09T07:35:05","modified_gmt":"2010-02-09T06:35:05","slug":"fejt-naao-qpodobne-srbeq","status":"publish","type":"post","link":"https:\/\/srcekrajine.org\/?p=392","title":{"rendered":"Fejt na\u0161ao &#8222;podobne Srbe&#8220;"},"content":{"rendered":"<h5>U timu za izdvajanje severne Mitrovice je i devetoro Srba,  kojima je obe\u0107ana plata od  525 evra<\/h5>\n<div class=\"content\">\n<div class=\"field field-type-image field-field-image-for-teaser\" style=\"float: right\">\n<div class=\"field-item\"><img loading=\"lazy\" decoding=\"async\" src=\"http:\/\/www.glas-javnosti.rs\/\/files\/image_for_teaser\/09politika-glavni.20100209J.jpg\" border=\"0\" width=\"350\" height=\"270\" \/><\/div>\n<\/p><\/div>\n<p>BEOGRAD &#8211; Srbi sa severa Kosova nisu zainteresovani za u\u010de\u0161\u0107e u  lokalnim izborima koje organizuje albanska vlast u Pri\u0161tini, pa su  iznena\u0111eni da me\u0111u 14 \u010dlanova Fejtovog\u00a0 tima koji treba da radi na  izdvajanju nove op\u0161tine Severna Mitrovica i devetoro Srba.<\/p>\n<p> <!--more--> <\/p>\n<div class=\"field field-type-text field-field-antrfile\">\n<div class=\"field-item\">\n<p><strong>Antisrpski plan<br \/> <\/strong><br \/> &#8211; Srbi sa severa Kosova o\u0161tro su nastupili protiv strategije za sever.  Sabor Srba sa Kosova i Metohije kategori\u010dki je po\u010detkom ovog meseca  odbacio antisrpski plan Pitera Fejta i Ha\u0161ima Ta\u010dija o takozvanoj  integraciji severnog dela Kosova i Metohije. Srbi su jednoglasno  odbacili Ahtisarijev plan za Kosovo, koji Fejt uveliko sprovodi &#8211;  podsetio je Jak\u0161i\u0107.<br \/> Holandski diplomata Piter Fejt je od 28. februara pro\u0161le godine vrhovni  autoritet za nadgledanje sprovo\u0111enja plana Martija Ahtisarija i ima  izvr\u0161nu vlast da interveni\u0161e i otkloni poteze koji su u suprotnosti sa  ovim planom koji nije odobrio Savet bezbednosti UN, niti ga priznaje  Srbija.<\/p>\n<\/p><\/div>\n<\/div>\n<p>Trojica \u010dlanova su Albanci, a dvojica Bo\u0161njaci. \u010clanovi pripremnog  tima, prema ugovoru koji su objavili mediji u Pri\u0161tini, prima\u0107e platu od  525 evra. Njihova imena jo\u0161 nisu obelodanjena.<br \/> &#8211; Nisu nam poznata imena \u010dlanova tima. Ne verujem, ako zaista ima takvih  Srba, da su sa severa. Niko od Srba sa severa Kosova ne \u017eeli da radi u  separatisti\u010dkoj op\u0161tini i to naro\u010dito deset godina posle borbe za  odbranu svoje teritorije &#8211; rekao je potpredsednik Zajednice srpskih  op\u0161tina Kosova i Metohije Marko Jak\u0161i\u0107.<\/p>\n<p>On podse\u0107a da u severnoj Mitrovici postoji op\u0161tina \u010diji su organi  izabrani na izborima koje je raspisala Skup\u0161tina Srbije.<\/p>\n<p>Portparol Me\u0111unarodne civilne kancelarije Endi Mekgafi je izrazio  nadu da \u0107e, uz lokalne Srbe, i Beograd sara\u0111ivati u sprovo\u0111enju plana  vezanog za Mitrovicu i sever Kosova.<br \/> Istovremeno je kosovski ministar za lokalnu samoupravu Sadri Ferati  izjavio da je poja\u010dano interesovanje pripadnika srpske zajednice za  u\u010de\u0161\u0107e u kosovskim institucijama.<\/p>\n<p>\u0160ef me\u0111unarodne civilne kancelarije na Kosovu Piter Fejt i njegovi  saradnici uveliko tra\u017ee podobne Srbe, obe\u0107avaju\u0107i dobre plate.<br \/> &#8211; Ponavljam da mi imamo svoju vlast i ne \u017eelimo onu po volji Pri\u0161tine.  Poslednjih dana Pri\u0161tina je poja\u010dala propagandnu aktivnost, navode\u0107i da  su lokalni i me\u0111unarodni zvani\u010dnici zadovoljni stepenom  zainteresovanosti lokalnih Srba za u\u010de\u0161\u0107e u formiranju paralelne op\u0161tine  severna Mitrovica. Ne verujemo u tako ne\u0161to, a ako je neko od Srba i  zainteresovan, onda nije odavde &#8211; kazao je Jak\u0161i\u0107.<\/p>\n<p>Autor &#8211; Glas javnosti <\/p>\n<\/p><\/div>\n","protected":false},"excerpt":{"rendered":"<p>U timu za izdvajanje severne Mitrovice je i devetoro Srba, kojima je obe\u0107ana plata od 525 evra BEOGRAD &#8211; Srbi sa severa Kosova nisu zainteresovani za u\u010de\u0161\u0107e u lokalnim izborima koje organizuje albanska vlast u Pri\u0161tini, pa su iznena\u0111eni da me\u0111u 14 \u010dlanova Fejtovog\u00a0 tima koji treba da radi na izdvajanju nove op\u0161tine Severna Mitrovica [&hellip;]<\/p>\n","protected":false},"author":1,"featured_media":0,"comment_status":"open","ping_status":"open","sticky":false,"template":"","format":"standard","meta":{"footnotes":""},"categories":[1],"tags":[],"_links":{"self":[{"href":"https:\/\/srcekrajine.org\/index.php?rest_route=\/wp\/v2\/posts\/392"}],"collection":[{"href":"https:\/\/srcekrajine.org\/index.php?rest_route=\/wp\/v2\/posts"}],"about":[{"href":"https:\/\/srcekrajine.org\/index.php?rest_route=\/wp\/v2\/types\/post"}],"author":[{"embeddable":true,"href":"https:\/\/srcekrajine.org\/index.php?rest_route=\/wp\/v2\/users\/1"}],"replies":[{"embeddable":true,"href":"https:\/\/srcekrajine.org\/index.php?rest_route=%2Fwp%2Fv2%2Fcomments&post=392"}],"version-history":[{"count":0,"href":"https:\/\/srcekrajine.org\/index.php?rest_route=\/wp\/v2\/posts\/392\/revisions"}],"wp:attachment":[{"href":"https:\/\/srcekrajine.org\/index.php?rest_route=%2Fwp%2Fv2%2Fmedia&parent=392"}],"wp:term":[{"taxonomy":"category","embeddable":true,"href":"https:\/\/srcekrajine.org\/index.php?rest_route=%2Fwp%2Fv2%2Fcategories&post=392"},{"taxonomy":"post_tag","embeddable":true,"href":"https:\/\/srcekrajine.org\/index.php?rest_route=%2Fwp%2Fv2%2Ftags&post=392"}],"curies":[{"name":"wp","href":"https:\/\/api.w.org\/{rel}","templated":true}]}}