{"id":393,"date":"2010-02-11T10:05:10","date_gmt":"2010-02-11T09:05:10","guid":{"rendered":"http:\/\/37.251.99.59:5000\/?p=393"},"modified":"2010-02-11T10:05:10","modified_gmt":"2010-02-11T09:05:10","slug":"srbija-srbi-i-papin-drang-nach-osten","status":"publish","type":"post","link":"https:\/\/srcekrajine.org\/?p=393","title":{"rendered":"Srbija Srbi i papin Drang nach Osten"},"content":{"rendered":"<div class=\"tema\"><a href=\"http:\/\/www.pecatmagazin.com\/category\/srbija\/\" title=\"Vidi sve  \u010dlanke u Srbija\" rel=\"category tag\">Srbija<\/a><\/div>\n<p> Pi\u0161e: Vladimir Dimitrijevi\u0107 \u2022 04.  februar 2010  \t\t \t\t \t\t\t \t\t\t\t<\/p>\n<p><img loading=\"lazy\" decoding=\"async\" src=\"http:\/\/www.pecatmagazin.com\/wp-content\/uploads\/2010\/02\/4_2_2010-3.jpg\" border=\"0\" width=\"135\" height=\"171\" align=\"left\" \/><strong>Nastojanja da se  rimski papa dovede u Beograd nisu od skora. Rimski poglavar pozivan je u  posetu Srbiji jo\u0161 od osamdesetih godina pro\u0161log veka, ali su ti  poku\u0161aji mudrim delovanjem patrijarha Germana i, kasnije, Pavla bili  osuje\u0107eni. Zbog \u010dega je papin eventualni dolazak u Srbiju sporan?<\/strong><\/p>\n<p>  <!--more--> <\/p>\n<p>Odnos Srba prema rimskom papi, progla\u0161enom, na I vatikanskom koncilu,  nezabludivim ex cathedra po pitanjima vere, u praksi su najbolje  pokazala dva di\u010dna arhijereja \u2013 Petar II Petrovi\u0107 Njego\u0161 i patrijarh  srpski Gavrilo. Kada je bio na oporavku u Italiji, Njego\u0161 je odbio da  iza\u0111e iz ko\u010dija i pozdravi papu koga su nosili u nosiljci (kako je zakon  to nalagao) \u2013 nije \u017eeleo da bruka svoje pravoslavno vladi\u010dansko  dostojanstvo. Tako\u0111e, odbio je da u Vatikanu poljubi i okove Sv.  apostola Petra, rekav\u0161i da \u201eCrnogorci ne ljube lance\u201c. I to je bio  simboli\u010dan gest \u2013 ne iz nepo\u0161tovanja prema Sv. Petru, nego zbog  poricanja papinog tvr\u0111enja da je on \u2013 \u201enaslednik Petrov\u201c i \u201enamesnik  Hristov\u201c. Patrijarh Gavrilo je, dok je \u010dekao povratak u Beograd  (komunisti\u010dke vlasti ga jo\u0161 nisu \u017eelele), u te\u0161kim materijalnim uslovima  posleratnog izgnanstva, odbio materijalnu pomo\u0107 pape Pija XII,  Stepin\u010devog duhovnog oca, rekav\u0161i da posle papine podr\u0161ke krvoloku  Paveli\u0107u, nikad mu ne bi oti\u0161ao na noge, ma kakvu pomo\u0107 da dobije.  Patrijarh Gavrilo je napomenuo da cilj Srba nikada nije bio ugodan \u017eivot  i izobilje, nego je to put ranih hri\u0161\u0107ana \u2013 stradanje za Istinu i  Pravdu.<br \/> Sveti Nikolaj \u017di\u010dki i Sv. Justin \u0106elijski su odnos Srba prema papi  bogoslovski utemeljili \u2013 Sv. Nikolaj je rekao da bogoodstupni\u010dka Evropa  po\u010diva na papi i Luteru , dok je otac Justin isticao da su tri najve\u0107a  pada u istoriji \u2013 pad Adamov (otpadanje od Boga), pad Judin (izdaja  Boga) i pad rimskog pape (progla\u0161avanje sebe za Boga).<\/p>\n<p><strong>PAPINE IMPERIJALNE ZASTAVE<\/strong> Sve ovo znamo. Znamo za  unija\u0107enje i katoli\u010denje Konavala, Sinja, Dalmacije, Slavonije, Srema,  \u017dumberka, Zapadne Hercegovine. Znamo za zlo\u010dine \u201ecrno-\u017eute\u201c K und K  monarhije i NDH prema Srbima: i jedni i drugi poticali su od  vatikanofilije koja je zna\u010dila srbofobiju. Znamo i da Vatikan, u savezu  sa Va\u0161ingtonom (o \u010demu pi\u0161e En Lakroa Riz u svojoj knjizi o spoljnjoj  politici papskog trona od Prvog svetskog do hladnog rata), zida Evropsku  uniju (sada\u0161nji predsednik EU je odani rimokatolik, zar ne?). Kao \u0161to  je Pije XII Amerikancima ponudio \u201ehri\u0161\u0107ansku demokratiju\u201c Konrada  Adenauera, negda nacisti\u010dkog gradona\u010delnika Kelna, a Vojtila s Reganom  radio na osmi\u0161ljavanju rusofobske \u201eperestrojke\u201c (o papinoj ulozi u tom  procesu pisao je 1992. Gorba\u010dov, u svom tekstu \u201eMoj prijatelj papa\u201c),  tako je i papa Benedikt XVI svoj ro\u0111endan 2008. proslavio u dru\u0161tvu  D\u017eord\u017ea Bu\u0161a Mla\u0111eg. Uostalom, Benedikt XVI je od mladosti blizak  superglobalistima Bilderberg grupe.<\/p>\n<p>Znamo da je, od 1999, kad je bio u Rumuniji, Karol Vojtila posetio i  Gr\u010dku, Bugarsku, Gruziju, Ukrajinu (uprkos protivljenju patrijarha  Alekseja II). Vatikan i Carigrad se, od doba Pavla VI i Atinagore,  redovno sre\u0107u, a molitveno op\u0161tenje (osim sapri\u010de\u0161\u0107ivanja) postalo je  uobi\u010dajeno. Dakle, u okviru Drang nach Osten ostali su nepose\u0107eni samo  Moskva i Beograd. Ozbiljni i odlu\u010dni Benedikt XVI ne krije svoje  pretenzije: i 2000. godine, kad je, kao kardinal Racinger objavio  deklaraciju \u201eDominus Jezus\u201c, i 2007, kad je odobrio odgovore na neka  eklisiolo\u0161ka pitanja, koje je objavila Kongregacija za propagandu vere,  Benedikt XVI je vi\u0161e nego jasan: Rimska crkva je Crkva u punom zna\u010denju  te re\u010di, a svi ostali hri\u0161\u0107ani, koji ne priznaju papu, pate od izvesnog  \u201enedostatka\u201c.<\/p>\n<p>Pi\u0161e:\u00a0 Vladimir Dimitrijevi\u0107<a href=\"http:\/\/www.pecatmagazin.com\/author\/vladimir\/\" title=\"\u010clanci od Vladimir Dimitrijevi\u0107\"><\/a> \u2022 04.  februar 2010 <strong> \u201cPe\u010dat\u201d<\/strong><\/p>\n","protected":false},"excerpt":{"rendered":"<p>Srbija Pi\u0161e: Vladimir Dimitrijevi\u0107 \u2022 04. februar 2010 Nastojanja da se rimski papa dovede u Beograd nisu od skora. Rimski poglavar pozivan je u posetu Srbiji jo\u0161 od osamdesetih godina pro\u0161log veka, ali su ti poku\u0161aji mudrim delovanjem patrijarha Germana i, kasnije, Pavla bili osuje\u0107eni. Zbog \u010dega je papin eventualni dolazak u Srbiju sporan?<\/p>\n","protected":false},"author":1,"featured_media":0,"comment_status":"open","ping_status":"open","sticky":false,"template":"","format":"standard","meta":{"footnotes":""},"categories":[1],"tags":[],"_links":{"self":[{"href":"https:\/\/srcekrajine.org\/index.php?rest_route=\/wp\/v2\/posts\/393"}],"collection":[{"href":"https:\/\/srcekrajine.org\/index.php?rest_route=\/wp\/v2\/posts"}],"about":[{"href":"https:\/\/srcekrajine.org\/index.php?rest_route=\/wp\/v2\/types\/post"}],"author":[{"embeddable":true,"href":"https:\/\/srcekrajine.org\/index.php?rest_route=\/wp\/v2\/users\/1"}],"replies":[{"embeddable":true,"href":"https:\/\/srcekrajine.org\/index.php?rest_route=%2Fwp%2Fv2%2Fcomments&post=393"}],"version-history":[{"count":0,"href":"https:\/\/srcekrajine.org\/index.php?rest_route=\/wp\/v2\/posts\/393\/revisions"}],"wp:attachment":[{"href":"https:\/\/srcekrajine.org\/index.php?rest_route=%2Fwp%2Fv2%2Fmedia&parent=393"}],"wp:term":[{"taxonomy":"category","embeddable":true,"href":"https:\/\/srcekrajine.org\/index.php?rest_route=%2Fwp%2Fv2%2Fcategories&post=393"},{"taxonomy":"post_tag","embeddable":true,"href":"https:\/\/srcekrajine.org\/index.php?rest_route=%2Fwp%2Fv2%2Ftags&post=393"}],"curies":[{"name":"wp","href":"https:\/\/api.w.org\/{rel}","templated":true}]}}