{"id":395,"date":"2010-02-13T09:20:57","date_gmt":"2010-02-13T08:20:57","guid":{"rendered":"http:\/\/37.251.99.59:5000\/?p=395"},"modified":"2010-02-13T09:20:57","modified_gmt":"2010-02-13T08:20:57","slug":"odbijen-zahtev-radovana-karadia","status":"publish","type":"post","link":"https:\/\/srcekrajine.org\/?p=395","title":{"rendered":"Odbijen zahtev Radovana Karad\u017ei\u0107a"},"content":{"rendered":"<h2 class=\"main-title\"> <\/h2>\n<div class=\"content\" \/>\n<p>HAG &#8211; \u017dalbeno ve\u0107e Ha\u0161kog tribunala ju\u010de je odbilo zahtev biv\u0161eg  predsednika Republike Srpske dr Radovana Karad\u017ei\u0107a da povu\u010de  postavljenje advokata Britanca Ri\u010darda Harvija koji \u0107e i dalje biti  njegov branilac.<\/p>\n<p> <!--more-->  <\/p>\n<p>Nastavak su\u0111enja Karad\u017ei\u0107u, otpu\u017eenom za genocid i zlo\u010dine protiv  \u010dove\u010dnosti nad nesrbima u BiH 1992-95. godine zakazan je za 1. mart.<\/p>\n<p>Karad\u017ei\u0107 je od Tribunala tra\u017eio da povu\u010de postavljenje Harvija, uz  obrazlo\u017eenje da mu sudski sekretar nije dao priliku da sam odabere  branioca sa liste advokata registrovanih za zastupanje pred Tribunalom,  prenose agencije.<\/p>\n<p>\u017dalbeno ve\u0107e Tribunala je, odbijaju\u0107i zahtev, protuma\u010dilo da Karad\u017ei\u0107  koji namerava da se brani sam, a kojem je sud postavio branioca, nu\u017eno  ne u\u017eiva pravo da bira advokata koje imaju optu\u017eeni koji ne \u017eele da se  zastupaju sami.<br \/> Su\u0111enje Karad\u017ei\u0107u pred Ha\u0161kim tribunalom po\u010delo je 26. oktobra 2009.  godine.<\/p>\n<\/p><\/div>\n","protected":false},"excerpt":{"rendered":"<p>HAG &#8211; \u017dalbeno ve\u0107e Ha\u0161kog tribunala ju\u010de je odbilo zahtev biv\u0161eg predsednika Republike Srpske dr Radovana Karad\u017ei\u0107a da povu\u010de postavljenje advokata Britanca Ri\u010darda Harvija koji \u0107e i dalje biti njegov branilac.<\/p>\n","protected":false},"author":1,"featured_media":0,"comment_status":"open","ping_status":"open","sticky":false,"template":"","format":"standard","meta":{"footnotes":""},"categories":[1],"tags":[],"_links":{"self":[{"href":"https:\/\/srcekrajine.org\/index.php?rest_route=\/wp\/v2\/posts\/395"}],"collection":[{"href":"https:\/\/srcekrajine.org\/index.php?rest_route=\/wp\/v2\/posts"}],"about":[{"href":"https:\/\/srcekrajine.org\/index.php?rest_route=\/wp\/v2\/types\/post"}],"author":[{"embeddable":true,"href":"https:\/\/srcekrajine.org\/index.php?rest_route=\/wp\/v2\/users\/1"}],"replies":[{"embeddable":true,"href":"https:\/\/srcekrajine.org\/index.php?rest_route=%2Fwp%2Fv2%2Fcomments&post=395"}],"version-history":[{"count":0,"href":"https:\/\/srcekrajine.org\/index.php?rest_route=\/wp\/v2\/posts\/395\/revisions"}],"wp:attachment":[{"href":"https:\/\/srcekrajine.org\/index.php?rest_route=%2Fwp%2Fv2%2Fmedia&parent=395"}],"wp:term":[{"taxonomy":"category","embeddable":true,"href":"https:\/\/srcekrajine.org\/index.php?rest_route=%2Fwp%2Fv2%2Fcategories&post=395"},{"taxonomy":"post_tag","embeddable":true,"href":"https:\/\/srcekrajine.org\/index.php?rest_route=%2Fwp%2Fv2%2Ftags&post=395"}],"curies":[{"name":"wp","href":"https:\/\/api.w.org\/{rel}","templated":true}]}}