{"id":3969,"date":"2015-03-06T00:59:58","date_gmt":"2015-03-05T23:59:58","guid":{"rendered":"https:\/\/srcekrajine.org\/2015\/03\/06\/epl-odlaze-za-septembar-proizvodnju-novog-ajpeda\/"},"modified":"2015-03-06T00:59:58","modified_gmt":"2015-03-05T23:59:58","slug":"epl-odlaze-za-septembar-proizvodnju-novog-ajpeda","status":"publish","type":"post","link":"https:\/\/srcekrajine.org\/?p=3969","title":{"rendered":"Epl odla\u017ee za septembar proizvodnju novog &#8222;ajpeda&#8220;"},"content":{"rendered":"<div class=\"ftpimagefix\" style=\"float:left\"><a class=\"colorbox\" href=\"http:\/\/www.novosti.rs\/vesti\/naslovna\/tehnologije\/aktuelno.236.html:536891-Epl-odlaze-za-septembar-proizvodnju-novog-ajpeda\"><img decoding=\"async\" width=\"150\" src=\"http:\/\/www.novosti.rs\/upload\/thumbs\/images\/2015\/\/03\/05n\/ipad_150x90.jpg\" align=\"right\"><\/a><\/div>\n<p>\t  \t\t   SAN FRANCISKO &#8211; Ameri\u010dki informati\u010dki gigant Epl \u0107e  odlo\u017eiti za septembar proizvodnju novog modela taktilnog tableta &#8222;ajped&#8220;  s ekranom od 12,9 in\u010di (32,8 cm). To se de\u0161ava zbog problema sa  snabdevanjem ekranima, objavila je njujor\u0161ka agencija Blumberg njuz,  citiraju\u0107i vi\u0161e izvora upoznatih sa tim projektom.Proizvodnja tog velikog modela &#8222;ajpeda&#8220; trebalo je da po\u010dne u prvom tromese\u010dju ove godine, izjavio je jedan od izvora Blumbergu. <a href=\"http:\/\/www.novosti.rs\/vesti\/naslovna\/tehnologije\/aktuelno.236.html:536891-Epl-odlaze-za-septembar-proizvodnju-novog-ajpeda\" class=\"colorbox\" id=\"rssmi_more\">[&#8230;]<\/a><\/p>\n","protected":false},"excerpt":{"rendered":"<p>SAN FRANCISKO &#8211; Ameri\u010dki informati\u010dki gigant Epl \u0107e odlo\u017eiti za septembar proizvodnju novog modela taktilnog tableta &#8222;ajped&#8220; s ekranom od 12,9 in\u010di (32,8 cm). To se de\u0161ava zbog problema sa snabdevanjem ekranima, objavila je njujor\u0161ka agencija Blumberg njuz, citiraju\u0107i vi\u0161e izvora upoznatih sa tim projektom.Proizvodnja tog velikog modela &#8222;ajpeda&#8220; trebalo je da po\u010dne u prvom [&hellip;]<\/p>\n","protected":false},"author":1,"featured_media":3970,"comment_status":"open","ping_status":"open","sticky":false,"template":"","format":"standard","meta":{"footnotes":""},"categories":[15],"tags":[],"_links":{"self":[{"href":"https:\/\/srcekrajine.org\/index.php?rest_route=\/wp\/v2\/posts\/3969"}],"collection":[{"href":"https:\/\/srcekrajine.org\/index.php?rest_route=\/wp\/v2\/posts"}],"about":[{"href":"https:\/\/srcekrajine.org\/index.php?rest_route=\/wp\/v2\/types\/post"}],"author":[{"embeddable":true,"href":"https:\/\/srcekrajine.org\/index.php?rest_route=\/wp\/v2\/users\/1"}],"replies":[{"embeddable":true,"href":"https:\/\/srcekrajine.org\/index.php?rest_route=%2Fwp%2Fv2%2Fcomments&post=3969"}],"version-history":[{"count":0,"href":"https:\/\/srcekrajine.org\/index.php?rest_route=\/wp\/v2\/posts\/3969\/revisions"}],"wp:featuredmedia":[{"embeddable":true,"href":"https:\/\/srcekrajine.org\/index.php?rest_route=\/wp\/v2\/media\/3970"}],"wp:attachment":[{"href":"https:\/\/srcekrajine.org\/index.php?rest_route=%2Fwp%2Fv2%2Fmedia&parent=3969"}],"wp:term":[{"taxonomy":"category","embeddable":true,"href":"https:\/\/srcekrajine.org\/index.php?rest_route=%2Fwp%2Fv2%2Fcategories&post=3969"},{"taxonomy":"post_tag","embeddable":true,"href":"https:\/\/srcekrajine.org\/index.php?rest_route=%2Fwp%2Fv2%2Ftags&post=3969"}],"curies":[{"name":"wp","href":"https:\/\/api.w.org\/{rel}","templated":true}]}}