{"id":399,"date":"2010-02-16T08:23:42","date_gmt":"2010-02-16T07:23:42","guid":{"rendered":"http:\/\/37.251.99.59:5000\/?p=399"},"modified":"2010-02-16T08:23:42","modified_gmt":"2010-02-16T07:23:42","slug":"karadi-trai-dokaze-o-markalama","status":"publish","type":"post","link":"https:\/\/srcekrajine.org\/?p=399","title":{"rendered":"Karad\u017ei\u0107 tra\u017ei dokaze o Markalama"},"content":{"rendered":"<h5>Predstavnici Nema\u010dke, Francuske, Hrvatske i Irana tvrde da  nemaju dokumenta o naoru\u017eavanju bosanskih muslimana od 1992. do 1995. i  uzrocima eksplozija na sarajevskoj pijaci<\/h5>\n<div id=\"node-79681\" class=\"node\">\n<div class=\"content\">\n<div class=\"field field-type-image field-field-image-for-teaser\" style=\"float: right\">\n<div class=\"field-item\"><img loading=\"lazy\" decoding=\"async\" src=\"http:\/\/www.glas-javnosti.rs\/\/files\/image_for_teaser\/16politikagornji2radovan201.jpg\" border=\"0\" width=\"350\" height=\"270\" \/><\/div>\n<\/p><\/div>\n<p>HAG &#8211; Optu\u017eeni Radovan Karad\u017ei\u0107 ponovo je ju\u010de od Ha\u0161kog tribunala  zatra\u017eio da obave\u017ee Nema\u010dku, Francusku, Hrvatsku i Iran da mu dostave  dokumente o naoru\u017eavanju bosanskih muslimana od 1992. do 1995. i  uzrocima eksplozija na pijaci Markale.<\/p>\n<p>  <!--more--> <\/p>\n<p>Predstavnici tih dr\u017eava odgovorili su da te dokumente nemaju ili da  ih ne mogu obelodaniti zbog nacionalne bezbednosti.<\/p>\n<div class=\"field  field-type-text field-field-antrfile\">\n<div class=\"field-item\">\n<p>Francuski  zastupnik \u017dan-Luj Floran izjavio je da je Francuska prona\u0161la i  optu\u017eenom dostavila jedan tra\u017eeni dokument, a da materijale o delovanju  svojih slu\u017ebi tokom rata u BiH ne mo\u017ee obelodaniti iz razloga nacionalne  bezbednosti.<br \/> Podse\u0107aju\u0107i da je Francuska imala zna\u010dajne snage u BiH, naro\u010dito u  Sarajevu, Karad\u017ei\u0107 je sugerisao da su u njihovom sastavu bili i &#8222;timovi  za snajpersko delovanje, ubistva i eliminisanje snajperista&#8220;.<br \/> &#8211; Francuska ima dokaze da su muslimanske vlasti ubijale svoje ljude i  snajperima i eksplozivom da bi okrivile Srbe &#8211; tvrdio je Karad\u017ei\u0107,  napominju\u0107i da su francuski istra\u017eitelji bili prvi na mestu eksplozija  na sarajevskoj pijaci Markale.<\/p>\n<\/p><\/div>\n<\/div>\n<p>Biv\u0161i predsednik Republike Srpske optu\u017een je za genocid i zlo\u010dine  protiv \u010dove\u010dnosti nad muslimanima i Hrvatima, kao i za uzimanje  me\u0111unarodnih talaca tokom rata u BiH.<\/p>\n<p>Karad\u017ei\u0107 je sudnici potvrdio da je on, zajedno sa vrhom Vojske  Republike Srpske, u leto 1995. doneo odluku o napadu na Srebrenicu. Za  zlo\u010dine po\u010dinjene u BiH rekao je da ih &#8222;nisu naredili komandanti,  naredio ih je bes&#8220;.<\/p>\n<p>Tokom rasprave, u kojoj su u\u010destvovali predstavnici navedenih dr\u017eava,  Karad\u017ei\u0107 je tvrdio da su te zemlje i SAD &#8211; uz &#8222;sau\u010desni\u0161tvo&#8220;  me\u0111unarodnih snaga i humanitarnih organizacija &#8211; bile ume\u0161ane u  organizovano snabdevanje oru\u017ejem Armije BiH, kojim je kr\u0161en embargo UN.<\/p>\n<p>Na primedbu nema\u010dkog ambasadora Tomasa Lojfera da tra\u017eeni dokumenti  &#8222;nisu relevantni&#8220; za optu\u017enicu, Karad\u017ei\u0107 je uzvratio da su dokumenti  vrlo bitni zato \u0161to \u0107e &#8222;pokazati da su zemlje UN kr\u0161ile embargo na  oru\u017eje i da je naru\u0161ena neutralnost UN&#8220; time \u0161to je Unprofor podr\u017eavao  jednu zara\u0107enu stranu.<\/p>\n<p>Nema\u010dka je odbijanje da dostavi dokumente zasnovala na razlozima  nacionalne bezbednosti, ali i na oceni, kako je rekao ambasador Lojfer,  da se &#8222;ne treba vra\u0107ati na politi\u010dke 1991-95, jer bi tada ovo bila  politi\u010dka ve\u017eba, a ne su\u0111enje i Tribunal&#8220;.<\/p>\n<p>Ambasador Hrvatske Jo\u0161ko Paro izjavio je da je vlada u Zagrebu  dostavila Karad\u017ei\u0107u 15 dokumenata i da &#8222;ostaje spremna&#8220; da udovolji  dodatnim zahtevima odbrane, ako oni budu preciznije sro\u010deni.<\/p>\n<p>Karad\u017ei\u0107 je uzvratio da je &#8222;Hrvatska bila filter i prolazna stanica  za oru\u017eje&#8220; koje je iz Irana i drugih zemalja dostavljano Armiji BiH od  1992. do 1994. godine.<br \/> &#8211; Oni znaju za sve, jer je i\u0161lo preko njih, a i uzimali su tre\u0107inu  oru\u017eja za sebe &#8211; rekao je on.<\/p>\n<p>Precizirao je da tra\u017ei dokumente o boravku hrvatskog premijera Nikice  Valdenti\u0107a u Iranu 1994. i uzvratnoj poseti Zagrebu iranskog  predsednika Ali Akbara Velajatija, tokom kojih su, kako je tvrdio,  ugovarane isporuke oru\u017eja.<\/p>\n<p>Karad\u017ei\u0107, tako\u0111e, tra\u017ei da mu Hrvatska dostavi dokumente o vi\u0161e  susreta tada\u0161njeg hrvatskog predsednika Franje Tu\u0111mana sa ameri\u010dkim  zvani\u010dnicima Ri\u010dardom Holbrukom, Piterom Galbrajtom i drugima.<\/p>\n<p>Predstavnik Irana Ali Mokberolsafa izjavio je da je vlada u Teheranu  pretra\u017eila svoje arhive, ali da nije na\u0161la nijedan dokument koji  Karad\u017ei\u0107 tra\u017ei.<\/p>\n<p>Nastavak su\u0111enja Karad\u017ei\u0107u pred Ha\u0161kim tribunalom zakazan je za 1.  mart, kada bi optu\u017eeni, koji se zastupa sam, trebalo da odr\u017ei uvodnu re\u010d  odbrane.<\/p>\n<p>\u00a0<\/p>\n<p>Autor:<\/p>\n<p>Agencija BETA <\/p>\n<\/p><\/div>\n<\/div>\n","protected":false},"excerpt":{"rendered":"<p>Predstavnici Nema\u010dke, Francuske, Hrvatske i Irana tvrde da nemaju dokumenta o naoru\u017eavanju bosanskih muslimana od 1992. do 1995. i uzrocima eksplozija na sarajevskoj pijaci HAG &#8211; Optu\u017eeni Radovan Karad\u017ei\u0107 ponovo je ju\u010de od Ha\u0161kog tribunala zatra\u017eio da obave\u017ee Nema\u010dku, Francusku, Hrvatsku i Iran da mu dostave dokumente o naoru\u017eavanju bosanskih muslimana od 1992. do 1995. [&hellip;]<\/p>\n","protected":false},"author":1,"featured_media":0,"comment_status":"open","ping_status":"open","sticky":false,"template":"","format":"standard","meta":{"footnotes":""},"categories":[1],"tags":[],"_links":{"self":[{"href":"https:\/\/srcekrajine.org\/index.php?rest_route=\/wp\/v2\/posts\/399"}],"collection":[{"href":"https:\/\/srcekrajine.org\/index.php?rest_route=\/wp\/v2\/posts"}],"about":[{"href":"https:\/\/srcekrajine.org\/index.php?rest_route=\/wp\/v2\/types\/post"}],"author":[{"embeddable":true,"href":"https:\/\/srcekrajine.org\/index.php?rest_route=\/wp\/v2\/users\/1"}],"replies":[{"embeddable":true,"href":"https:\/\/srcekrajine.org\/index.php?rest_route=%2Fwp%2Fv2%2Fcomments&post=399"}],"version-history":[{"count":0,"href":"https:\/\/srcekrajine.org\/index.php?rest_route=\/wp\/v2\/posts\/399\/revisions"}],"wp:attachment":[{"href":"https:\/\/srcekrajine.org\/index.php?rest_route=%2Fwp%2Fv2%2Fmedia&parent=399"}],"wp:term":[{"taxonomy":"category","embeddable":true,"href":"https:\/\/srcekrajine.org\/index.php?rest_route=%2Fwp%2Fv2%2Fcategories&post=399"},{"taxonomy":"post_tag","embeddable":true,"href":"https:\/\/srcekrajine.org\/index.php?rest_route=%2Fwp%2Fv2%2Ftags&post=399"}],"curies":[{"name":"wp","href":"https:\/\/api.w.org\/{rel}","templated":true}]}}