{"id":4,"date":"2009-03-15T21:55:20","date_gmt":"2009-03-15T20:55:20","guid":{"rendered":"http:\/\/37.251.99.59:5000\/?p=4"},"modified":"2009-03-15T21:55:20","modified_gmt":"2009-03-15T20:55:20","slug":"nova-hapenja-lanova-graevinske-mafije","status":"publish","type":"post","link":"https:\/\/srcekrajine.org\/?p=4","title":{"rendered":"Nova hap\u0161enja \u010dlanova gra\u0111evinske mafije"},"content":{"rendered":"<div><\/div>\n<div><span style=\"color: #444444; font-family: 'Lucida Grande'; font-size: 14px; line-height: 24px\" class=\"Apple-style-span\"><img decoding=\"async\" src=\"http:\/\/www3.serbiancafe.com\/lat\/vesti\/img\/2009_03_14_hapsenje.jpg\" border=\"0\" \/><\/p>\n<p style=\"border-style: initial; border-color: initial; outline-width: 0px; outline-style: initial; outline-color: initial; font-weight: inherit; font-style: inherit; font-size: 100%; font-family: inherit; vertical-align: baseline; color: #333333; border-width: 0px; padding: 0px; margin: 0px\">Po nalogu Tu\u017eila\u0161tva za borbu protiv organizovanog kriminala u Zrenjaninu su uhap\u0161ene \u010detiri osobe, osumnji\u010dene za malverzacije u gra\u0111evini, saznaje RTS.<\/p>\n<p>Akcija je po\u010dela 1. oktobra pro\u0161le godine kada je uhap\u0161en gradona\u010delnik Goran Kne\u017eevi\u0107 i jo\u0161 deset osoba.<\/p>\n<p>Kne\u017eevi\u0107u je po\u010detkom meseca produ\u017een pritvor do 1. aprila.<\/p>\n<p> <!--more--> Kne\u017eevi\u0107 i ostali su najpre okrivljeni zbog davanja u zakup gra\u0111evinskog zemlji\u0161ta, nezakonite prodaje placa za gradnju OMV pumpe u Zrenjaninu, navodnih malverzacija oko izgradnje restorana \u201eIshrana\u201d i spornih ugovora sa firmom za obezbe\u0111enje \u201eGvozden\u201d.<\/p>\n<p>Istraga je zatim pro\u0161irena i zbog spornog ugovora, kojim je sportski jedrili\u010darski klub dobio kod Perleza plac na kom je trebalo da se sagrade marina i prate\u0107i objekti.<\/p>\n<p>Tako\u0111e, predmet poslednjeg pro\u0161irenja istrage je navodni poku\u0161aj okrivljenih da kupe asfaltnu bazu za grad Zrenjanin, ali i okolnosti pod kojima je preduze\u0107e \u201eAutobanat\u201d iz Zrenjanina, vlasnika Mileta Jerkovi\u0107a, na tenderu dobilo poslove gradskog i prigradskog prevoza u Zrenjaninu.<\/p>\n<p>Da se brane sa slobode do sada je omogu\u0107eno na\u010delniku Odeljenja za urbanizam Zrenjanina Nikoli Halasu, direktoru Turisti\u010dke organizacije Milanu Milo\u0161evu, na\u010delniku Odeljenja za finansije Davidu Dimki\u0107u i Bratislavu Tomi\u0107u, predsedniku Gradskog Odbora DS u Zrenjaninu. (Fonet)<\/p>\n<p>\u00a0<\/p>\n<p><\/span><\/div>\n","protected":false},"excerpt":{"rendered":"<p>Po nalogu Tu\u017eila\u0161tva za borbu protiv organizovanog kriminala u Zrenjaninu su uhap\u0161ene \u010detiri osobe, osumnji\u010dene za malverzacije u gra\u0111evini, saznaje RTS. Akcija je po\u010dela 1. oktobra pro\u0161le godine kada je uhap\u0161en gradona\u010delnik Goran Kne\u017eevi\u0107 i jo\u0161 deset osoba. Kne\u017eevi\u0107u je po\u010detkom meseca produ\u017een pritvor do 1. aprila.<\/p>\n","protected":false},"author":1,"featured_media":0,"comment_status":"open","ping_status":"open","sticky":false,"template":"","format":"standard","meta":{"footnotes":""},"categories":[1],"tags":[],"_links":{"self":[{"href":"https:\/\/srcekrajine.org\/index.php?rest_route=\/wp\/v2\/posts\/4"}],"collection":[{"href":"https:\/\/srcekrajine.org\/index.php?rest_route=\/wp\/v2\/posts"}],"about":[{"href":"https:\/\/srcekrajine.org\/index.php?rest_route=\/wp\/v2\/types\/post"}],"author":[{"embeddable":true,"href":"https:\/\/srcekrajine.org\/index.php?rest_route=\/wp\/v2\/users\/1"}],"replies":[{"embeddable":true,"href":"https:\/\/srcekrajine.org\/index.php?rest_route=%2Fwp%2Fv2%2Fcomments&post=4"}],"version-history":[{"count":0,"href":"https:\/\/srcekrajine.org\/index.php?rest_route=\/wp\/v2\/posts\/4\/revisions"}],"wp:attachment":[{"href":"https:\/\/srcekrajine.org\/index.php?rest_route=%2Fwp%2Fv2%2Fmedia&parent=4"}],"wp:term":[{"taxonomy":"category","embeddable":true,"href":"https:\/\/srcekrajine.org\/index.php?rest_route=%2Fwp%2Fv2%2Fcategories&post=4"},{"taxonomy":"post_tag","embeddable":true,"href":"https:\/\/srcekrajine.org\/index.php?rest_route=%2Fwp%2Fv2%2Ftags&post=4"}],"curies":[{"name":"wp","href":"https:\/\/api.w.org\/{rel}","templated":true}]}}