{"id":401,"date":"2010-02-18T08:01:34","date_gmt":"2010-02-18T07:01:34","guid":{"rendered":"http:\/\/37.251.99.59:5000\/?p=401"},"modified":"2010-02-18T08:01:34","modified_gmt":"2010-02-18T07:01:34","slug":"baza-u-niu-sigurnost-za-ceo-region","status":"publish","type":"post","link":"https:\/\/srcekrajine.org\/?p=401","title":{"rendered":"Baza u Ni\u0161u &#8211; sigurnost za ceo region"},"content":{"rendered":"<p>BEOGRAD &#8211; Otvaranje regionalnog centra za vanredne situacije u Ni\u0161u  zna\u010dajno \u0107e doprineti borbi protiv po\u017eara, poplava i u drugim kriznim  situacijama, izjavio je ju\u010de u Beogradu ruski ministar za vanredne  situacije Sergej \u0160ojgu, koji se sastao sa Ivicom Da\u010di\u0107em, ministrom  policije.<\/p>\n<p> <!--more-->  <\/p>\n<p>&#8211; Takvi centri mogu da postanu mesta ujedinjavanja naroda u regionu u  cilju spasavanja ljudskih \u017eivota &#8211; rekao je \u0160ojgu na ministarskoj  konferenciji u hotelu &#8222;Hajat&#8220; o kriznim situacijama.<br \/> On je dodao da je Rusija spremna da svojom tehnologijom i znanjem  pomogne dr\u017eavama u regionu.<\/p>\n<p>-Samo zajedni\u010dkim naporima mo\u0107i \u0107emo da se izborimo sa svim  neprilikama &#8211; istakao je \u0160ojgu.<br \/> Ministar policije Ivica Da\u010di\u0107 izjavio je da je projekat formiranja  regionalnog centra u Ni\u0161u namenjen humanitarnim aktivnostima, a ne  vojnim.<\/p>\n<p>&#8211; Ovo nije bilo kakav projekat s vojnim karakterom, kako se moglo  \u010duti u javnosti, re\u010d je o humanitarnim aktivnostima koje se baziraju na  oceni da dr\u017eave regiona treba da se organizuju i formiraju centar koji  bi im brzo pomagao u slu\u010daju po\u017eara, poplava i zemljotresa &#8211; rekao je  Da\u010di\u0107.<br \/> Istakav\u0161i da je cilj tog projekta plemenit, Da\u010di\u0107 je rekao i da gra\u0111ani  o\u010dekuju brzo reagovanje nadle\u017enih kako bi ih za\u0161titili u slu\u010daju  vanrednih situacija.<\/p>\n<p>&#8211; Ideja je da u letnjim mesecima odre\u0111en broj ruskih letilica za  ga\u0161enje po\u017eara bude u Ni\u0161u kako bi se smanjio vremenski period pru\u017eanja  adekvatne pomo\u0107i dr\u017eavama koje su ugro\u017eene ekstremno visokim  temperaturama &#8211; objasnio je Da\u010di\u0107.<\/p>\n<p> Me\u0111unarodnu konferenciju organizovao je MUP Srbije, a skup je otvorio  premijer Mirko Cvetkovi\u0107.<br \/> U radu skupa u\u010destvovali su i predstavnici Italije, \u0160panije, \u0160vajcarske,  Danske, Gr\u010dke, Bugarske, Rumunije, Ma\u0111arske, Kipra, Albanije, BiH,  Hrvatske, Crne Gore, Makedonije i Slovenije.<\/p>\n<p>Autor:<\/p>\n<p>Glas javnosti <\/p>\n","protected":false},"excerpt":{"rendered":"<p>BEOGRAD &#8211; Otvaranje regionalnog centra za vanredne situacije u Ni\u0161u zna\u010dajno \u0107e doprineti borbi protiv po\u017eara, poplava i u drugim kriznim situacijama, izjavio je ju\u010de u Beogradu ruski ministar za vanredne situacije Sergej \u0160ojgu, koji se sastao sa Ivicom Da\u010di\u0107em, ministrom policije.<\/p>\n","protected":false},"author":1,"featured_media":0,"comment_status":"open","ping_status":"open","sticky":false,"template":"","format":"standard","meta":{"footnotes":""},"categories":[1],"tags":[],"_links":{"self":[{"href":"https:\/\/srcekrajine.org\/index.php?rest_route=\/wp\/v2\/posts\/401"}],"collection":[{"href":"https:\/\/srcekrajine.org\/index.php?rest_route=\/wp\/v2\/posts"}],"about":[{"href":"https:\/\/srcekrajine.org\/index.php?rest_route=\/wp\/v2\/types\/post"}],"author":[{"embeddable":true,"href":"https:\/\/srcekrajine.org\/index.php?rest_route=\/wp\/v2\/users\/1"}],"replies":[{"embeddable":true,"href":"https:\/\/srcekrajine.org\/index.php?rest_route=%2Fwp%2Fv2%2Fcomments&post=401"}],"version-history":[{"count":0,"href":"https:\/\/srcekrajine.org\/index.php?rest_route=\/wp\/v2\/posts\/401\/revisions"}],"wp:attachment":[{"href":"https:\/\/srcekrajine.org\/index.php?rest_route=%2Fwp%2Fv2%2Fmedia&parent=401"}],"wp:term":[{"taxonomy":"category","embeddable":true,"href":"https:\/\/srcekrajine.org\/index.php?rest_route=%2Fwp%2Fv2%2Fcategories&post=401"},{"taxonomy":"post_tag","embeddable":true,"href":"https:\/\/srcekrajine.org\/index.php?rest_route=%2Fwp%2Fv2%2Ftags&post=401"}],"curies":[{"name":"wp","href":"https:\/\/api.w.org\/{rel}","templated":true}]}}