{"id":403,"date":"2010-02-19T14:05:58","date_gmt":"2010-02-19T13:05:58","guid":{"rendered":"http:\/\/37.251.99.59:5000\/?p=403"},"modified":"2010-02-19T14:05:58","modified_gmt":"2010-02-19T13:05:58","slug":"marko-jaki-reim-u-beogradu-smenio-vladiku-artemija","status":"publish","type":"post","link":"https:\/\/srcekrajine.org\/?p=403","title":{"rendered":"MARKO JAK\u0160I\u0106 \u2013 Re\u017eim u Beogradu smenio vladiku Artemija"},"content":{"rendered":"<p>\u00a0Pi\u0161e:Biljana \u017divkovi\u0107 \u2022 18. februar  2010  \t\t \t\t \t\t\t \t\t\t\t<\/p>\n<p><img loading=\"lazy\" decoding=\"async\" src=\"http:\/\/www.pecatmagazin.com\/wp-content\/uploads\/2010\/02\/18_2_2010-4.jpg\" border=\"0\" width=\"135\" height=\"171\" align=\"left\" \/><strong>Potpredsednik  Skup\u0161tine zajednica op\u0161tina Kosova i Metohije i \u010dlan Glavnog odbora  DSS-a dr Marko Jak\u0161i\u0107, govori o pozadini nemilih zbivanja u  Ra\u0161ko-prizrenskoj eparhiji i smenjivanju vladike Artemija<\/strong><\/p>\n<p> <!--more-->  <\/p>\n<p><span style=\"color: #ff0000\">NAJVE\u0106I BES SRPSKIH VLASTI  IZAZVAO JE GOVOR KOJI JE 4. FEBRUARA NA CRKVENOM NARODNOM SABORU U  KOSOVSKOJ MITROVICI ODR\u017dAO VLADIKA ARTEMIJE, KOJI JE AKTUELNOG  PREDSEDNIKA SRBIJE OTVORENO OPTU\u017dIO ZA NEISKRENU, IZDAJNI\u010cKU POLITIKU  PREMA SRPSKOM NARODU NA KIM, SMATRAJU\u0106I DA BORIS TADI\u0106 OVAJ NA\u0160 VEKOVNI  PROSTOR SVESNO \u017dRTVUJE NA RA\u010cUN ULASKA SRBIJE<br \/> U EU<\/span><\/p>\n<p>U vreme kada je \u017eivot i opstanak Srba na Kosovu i Metohiji zadobio  obrise tragedije, de\u0161avanja u Ra\u0161ko-prizrenskoj eparhiji, koja polako  prerastaju u agoniju, mogla bi biti i fatalna za srpski narod u ju\u017enoj  srpskoj pokrajini. Tako bar smenjivanje vladike Artemija i sukobe ovim  \u010dinom izazvane vidi dr Marko Jak\u0161i\u0107, potpredsednik Skup\u0161tine zajednica  op\u0161tina Kosova i Metohije.<\/p>\n<p>\u201eAkt smenjivanja dugogodi\u0161njeg Ra\u0161ko-prizrenog crkvenog  velikodostojnika jeste politi\u010dke prirode, a pouzdano znam da je njoj  prethodila vi\u0161emese\u010dna, podmukla, \u017eestoka medijska kampanja. U pojedinim  medijima, pre svega u \u2018Blicu\u2019, danima je pripreman teren. Ovakva hajka  na jednog duhovnika SPC nije zabele\u017eena u istoriji srpske\u00a0 \u0161tampe! U  tome prednja\u010di novinarka \u2018Blica\u2019, \u017deljka Jefti\u0107 koja je u serijskim  \u010dlancima prljala vladiku. Iz pouzdanih izvora saznao sam i to da su ova  de\u0161avanja pokrenuta iz kabineta predsednika Republike Srbije. Srpskoj  javnosti \u201eservirano\u201c je mno\u0161tvo gnusnih la\u017ei, uz sijaset pau\u0161alnih  diskvalifikacija, neargumentovanih optu\u017ebi, iskonstruisanih pri\u010da o  kriminalu, a sve to u nameri da se bez imalo savesti i ljudskosti okalja  ugled i ime prosve\u0107enog Artemija. Pitam se samo, \u0161ta \u0107e ti isti\u00a0 re\u0107i,  kada istina u celosti ispliva na povr\u0161inu, a to \u0107e se desiti kad-tad\u201c,  ka\u017ee za \u201ePe\u010dat\u201c dr Marko Jak\u0161i\u0107.<\/p>\n<p><em><strong>Ka\u017eete da je na vladiku Artemija vo\u0111ena medijska hajka.  Kada je medijski pritisak kulminirao?<\/strong><\/em><br \/> \u017destoka propaganda protiv vladike Artemija krenula je jo\u0161 uo\u010di izbora za  novog patrijarha, jer se, iz samo njima znanih razloga, predsedni\u010dki  kabinet pla\u0161io da eventualno za kandidate ne budu predlo\u017eeni vladika  Zvorni\u010dko-tuzlanski, gospodin Vasilije Ka\u010davenda, ili vladika Artemije.  Ako ste pratili \u0161tampu, u to vreme, Ka\u010davendu su poku\u0161ali da  diskvalifikuju, i to upravo u \u010dlancima koje je potpisivala pomenuta  novinarka \u201eBlica\u201c. U tim tekstovima bilo je navo\u0111eno kako, Ka\u010davenda  \u017eivi rasko\u0161no, pominjane su\u00a0 nekakve malverzacije. Pri tome, nijednog  trenutka niko se nije zapitao koliki je doprinos vladika Ka\u010davenda dao  o\u010duvanju pravoslavlja na prostorima BiH, u vreme nedavog, ali i kasnije,  koliko je manastira podigao iz pepela, koliko je svetinja obnovio i  koliko sve\u0161tenstva sa\u010duvao, naroda u crkve sabirao.<br \/> <em><strong><br \/> Tvrdite da su obojica \u201ena tapetu\u201c srpskih vlasti jo\u0161 od\u00a0 vremena posete  potpredsednika SAD D\u017eozefa Bajdena Srbiji? <\/strong><\/em><br \/> Indikativno je to \u0161to su obojica vladika, i Ka\u010davenda i Artemije, na  Saboru SPC bili izri\u010dito protiv posete Bajdena manastiru Visoki De\u010dani,  rekav\u0161i da onaj ko je bombardovao, uni\u0161tavao srpske svetinje i bogomolje  na Kosovu i Metohiji, ubijao na\u0161u nevinu decu, mlade, starce, \u017eene \u2013  nema \u0161ta da tra\u017ei u De\u010danima! Interesantno je i to \u0161to je \u201eBlic\u201c ve\u0107  sada\u00a0 najavio kako je smenjivanje vladike Artemija po\u010detak \u201esre\u0111ivanja\u201c  stanja u SPC i da se, u tom kontekstu, o\u010dekuju smenjivanja \u201ei nekih  drugih\u201c vladika. Najve\u0107i bes srpskih vlasti izazvao je govor koji je 4.  februara na crkvenom Narodnom saboru u Kosovskoj Mitorvici odr\u017eao  vladika Artemije, koji je aktuelnog predsednika Srbije otvoreno optu\u017eio  za neiskrenu, izdajni\u010dku politiku prema srpskom narodu na KiM,  smatraju\u0107i da Boris Tadi\u0107 ovaj na\u0161 vekovni prostor svesno \u017ertvuje na  ra\u010dun ulaska Srbije u EU.<\/p>\n","protected":false},"excerpt":{"rendered":"<p>\u00a0Pi\u0161e:Biljana \u017divkovi\u0107 \u2022 18. februar 2010 Potpredsednik Skup\u0161tine zajednica op\u0161tina Kosova i Metohije i \u010dlan Glavnog odbora DSS-a dr Marko Jak\u0161i\u0107, govori o pozadini nemilih zbivanja u Ra\u0161ko-prizrenskoj eparhiji i smenjivanju vladike Artemija<\/p>\n","protected":false},"author":1,"featured_media":0,"comment_status":"open","ping_status":"open","sticky":false,"template":"","format":"standard","meta":{"footnotes":""},"categories":[1],"tags":[],"_links":{"self":[{"href":"https:\/\/srcekrajine.org\/index.php?rest_route=\/wp\/v2\/posts\/403"}],"collection":[{"href":"https:\/\/srcekrajine.org\/index.php?rest_route=\/wp\/v2\/posts"}],"about":[{"href":"https:\/\/srcekrajine.org\/index.php?rest_route=\/wp\/v2\/types\/post"}],"author":[{"embeddable":true,"href":"https:\/\/srcekrajine.org\/index.php?rest_route=\/wp\/v2\/users\/1"}],"replies":[{"embeddable":true,"href":"https:\/\/srcekrajine.org\/index.php?rest_route=%2Fwp%2Fv2%2Fcomments&post=403"}],"version-history":[{"count":0,"href":"https:\/\/srcekrajine.org\/index.php?rest_route=\/wp\/v2\/posts\/403\/revisions"}],"wp:attachment":[{"href":"https:\/\/srcekrajine.org\/index.php?rest_route=%2Fwp%2Fv2%2Fmedia&parent=403"}],"wp:term":[{"taxonomy":"category","embeddable":true,"href":"https:\/\/srcekrajine.org\/index.php?rest_route=%2Fwp%2Fv2%2Fcategories&post=403"},{"taxonomy":"post_tag","embeddable":true,"href":"https:\/\/srcekrajine.org\/index.php?rest_route=%2Fwp%2Fv2%2Ftags&post=403"}],"curies":[{"name":"wp","href":"https:\/\/api.w.org\/{rel}","templated":true}]}}