{"id":405,"date":"2010-02-23T08:35:11","date_gmt":"2010-02-23T07:35:11","guid":{"rendered":"http:\/\/37.251.99.59:5000\/?p=405"},"modified":"2010-02-23T08:35:11","modified_gmt":"2010-02-23T07:35:11","slug":"sema-i-poslednja-godinjica","status":"publish","type":"post","link":"https:\/\/srcekrajine.org\/?p=405","title":{"rendered":"Sema i poslednja godi\u0161njica"},"content":{"rendered":"<h2 class=\"main-title\"><\/h2>\n<p>          \t\t  Danas sedmi i poslednji put da obele\u017eavamo godi\u0161njicu odlaska u  Hag. Odgovorili smo na pu\u010d \u010dija je svrha bila da se Vojislav prepusti  sam sebi, da nam otmu stranku i da krenemo ka evroatlantskim  integracijama                               \t\t   \t\t                        <\/p>\n<div class=\"content\">\n<div class=\"field field-type-image field-field-image-for-teaser\" style=\"float: right\">\n<div class=\"field-item\"><img loading=\"lazy\" decoding=\"async\" src=\"http:\/\/www.glas-javnosti.rs\/\/files\/image_for_teaser\/23-POL-GLAVNI-krasic.jpg\" border=\"0\" width=\"350\" height=\"270\" \/><\/div>\n<\/p><\/div>\n<p>    <!--more--> <\/p>\n<p>BEOGRAD &#8211; Ovo je poslednji put da obele\u017eavamo dobrovoljni odlazak  Vojislava \u0160e\u0161elja u Ha\u0161ki tribunal, ka\u017ee u intervjuu za Glas Zoran  Krasi\u0107, \u0161ef pravnog tima za odbranu lidera SRS.<br \/> Krasi\u0107 obja\u0161njava \u0161ta je \u0160e\u0161elja nateralo da otputuje u Hag, koliko je u  me\u0111uvremenu profitirao i u \u010demu se sastoji njegova najve\u0107a pobeda.<\/p>\n<div class=\"field field-type-text field-field-antrfile\">\n<div class=\"field-item\">\n<p><strong>Tajkuni kontroli\u0161u stranke<\/strong><\/p>\n<p>Verujete li u ujedinjenje opozicije?<br \/> &#8211; Nikad se opozicija nije ujedinjavala. Uostalom, pitanje je ko je  opozicija. Nas ne kontroli\u0161u tajkuni, kriminalci i strane obave\u0161tajne  slu\u017ebe, za razliku od svih drugih. Danas je prili\u010dan broj opozicionih  stranka pod kontrolom onog ko dr\u017ei vlast. Svi imaju istog gazdu.<br \/> <strong><br \/> \u0160e\u0161elj kao Kusturica<\/strong><\/p>\n<p>Kakve ideje danas zastupa \u0160e\u0161elj? Mnogi tvrde &#8211; retrogradne.<br \/> &#8211; Vojislav je prevazi\u0161ao politiku samo jedne stranke i uop\u0161te, politi\u010dki  \u017eivot u Srbiji. Postao je jedan od vode\u0107ih antiglobalista u svetu.  Na\u010din na koji zastupa svoje politi\u010dke stavove ukazuje da je on zapravo  prvi antiglobalista na svetu. Zato oni koji su ga poslali tamo ne \u017eele  njegov povratak.<\/p>\n<\/p><\/div>\n<\/div>\n<p>&#8211; Oti\u0161ao je u tamo jer je pet puta pre toga postavljao pitanje  Tribunalu da li imaju ne\u0161to protiv njega. \u017deleo je da poseti Srbe u  Hagu, ali mu to 2002. nije dozvoljeno, pod izgovorom da predstavlja  opasnost po Kraljevinu Holandiju! Osim toga, uvek kad su se odr\u017eavali  izbori, pojedini politi\u010dari su ga prozivali da je ha\u0161ki optu\u017eenik. U  Hagu je tolike godine i mi zato sutra organizujemo skup u Domu  sindikata, kako bismo obele\u017eili taj dan i podsetili javnost da po\u010dinje  osma godina otkako je Voja u pritvoru, a nema presude. <\/p>\n<p><strong>Ho\u0107e li ovo obele\u017eavanje godi\u0161njice biti poslednje?<\/strong><\/p>\n<p>&#8211; Nadamo se da \u0107e biti tako. <\/p>\n<p><strong>Da li ove godine ha\u0161ki sud mora da donese prvostepenu presudu?<\/strong><\/p>\n<p>&#8211; Kada su oni u pitanju, sve je neizvesno. Eto, pro\u0161le godine su  napravili pauzu od godinu dana, i to pet sati pre nego \u0161to je trebalo da  se zavr\u0161i izvo\u0111enje dokaza, kako bi razmatrali navodno nepo\u0161tovanje  suda?! Sada saznajemo da je drugi postupak za nepo\u0161tovanje suda pokrenut  istovremeno kada i prvi, ali o tome Vojislav nije znao ni\u0161ta. Mogli su  da zdru\u017ee ta dva postupka, ali nisu. Znaju da se posle nekih odluka  Pretresnog ve\u0107a dovodi u pitanje njihov kredibilitet kao sudija. Sporna  je i te\u017enja da mu se nametne branilac. <\/p>\n<p><strong>Sada se brani sam?<\/strong><\/p>\n<p>&#8211; Kona\u010dno je u tome uspeo u decembru 2006, posle 28 dana \u0161trajka  gla\u0111u. Tada je ostvario pravo na privilegovanu komunikaciju, na  registraciju pravnog tima, na posete \u010dlanova porodice, po\u0161to je Jadranka  \u0160e\u0161elj bila jedina osoba koja je morala da popunjava dve izjave  prilikom ulaska u pritvorsku jedinicu. <\/p>\n<p><strong>Da li su ta prava sada redukovana?<\/strong><\/p>\n<p>&#8211; Pravo na privilegovanu komunikaciju sa savetnicima jeste. Neko je  procenio da sam ja opasnost za Tribunal \u010dim mu je zabranjena  privilegovana komunikacija sa mnom. <\/p>\n<p><strong>Za\u0161to je bilo va\u017eno da se \u0160e\u0161elju nametne branilac?<\/strong><\/p>\n<p>&#8211; Da ne bi mogao da pri\u010da u sudnici i da saslu\u0161ava svedoke. Zamislili  su pretres tako \u0161to tu\u017eila\u0161tvo svedoka pita da li ima ne\u0161to sporno u  njegovoj izjavi, na \u0161ta svedok ka\u017ee da ima jedan zarez vi\u0161ka. Onda  branilac, koga pla\u0107a sekretarijat, pita svedoka da li je to stvarno  njegova izjava, a svedok to potvrdi. Potom ga branilac upita kako je  putovao od Beograda do Haga, ovaj ka\u017ee &#8211; dobro. Tako bi mnogi  falsifikati postali \u010dinjenice. Zahvaljuju\u0107i tome \u0161to se Vojislav sam  brani, mnogi falsifikati su propali. <\/p>\n<p><strong>Kakvu politi\u010dku poruku \u0160e\u0161elj danas \u0161alje?<\/strong><\/p>\n<p>&#8211; Da istrajemo na svom putu. Mi nismo stranka koja se odri\u010de  predsednika. Odrekli smo se onih koji su sami izabrali da odu. Stranka  je odgovorila na pu\u010d \u010dija je svrha bila da se Vojislav prepusti sam  sebi, da nam otmu partiju i da krenemo ka evroatlantskim integracijama.  Po\u0161to to nije uspelo, krenulo je sa otimanjem mandatima. Toliko su se  zapetljali da \u0107e od Skup\u0161tine napraviti akcionarsko dru\u0161tvo sa 250  poslanika, pa \u0107e svaki tajkun mo\u0107i da kupi ve\u0107inski paket od 126.<\/p>\n<\/p><\/div>\n","protected":false},"excerpt":{"rendered":"<p>Danas sedmi i poslednji put da obele\u017eavamo godi\u0161njicu odlaska u Hag. Odgovorili smo na pu\u010d \u010dija je svrha bila da se Vojislav prepusti sam sebi, da nam otmu stranku i da krenemo ka evroatlantskim integracijama<\/p>\n","protected":false},"author":1,"featured_media":0,"comment_status":"open","ping_status":"open","sticky":false,"template":"","format":"standard","meta":{"footnotes":""},"categories":[1],"tags":[],"_links":{"self":[{"href":"https:\/\/srcekrajine.org\/index.php?rest_route=\/wp\/v2\/posts\/405"}],"collection":[{"href":"https:\/\/srcekrajine.org\/index.php?rest_route=\/wp\/v2\/posts"}],"about":[{"href":"https:\/\/srcekrajine.org\/index.php?rest_route=\/wp\/v2\/types\/post"}],"author":[{"embeddable":true,"href":"https:\/\/srcekrajine.org\/index.php?rest_route=\/wp\/v2\/users\/1"}],"replies":[{"embeddable":true,"href":"https:\/\/srcekrajine.org\/index.php?rest_route=%2Fwp%2Fv2%2Fcomments&post=405"}],"version-history":[{"count":0,"href":"https:\/\/srcekrajine.org\/index.php?rest_route=\/wp\/v2\/posts\/405\/revisions"}],"wp:attachment":[{"href":"https:\/\/srcekrajine.org\/index.php?rest_route=%2Fwp%2Fv2%2Fmedia&parent=405"}],"wp:term":[{"taxonomy":"category","embeddable":true,"href":"https:\/\/srcekrajine.org\/index.php?rest_route=%2Fwp%2Fv2%2Fcategories&post=405"},{"taxonomy":"post_tag","embeddable":true,"href":"https:\/\/srcekrajine.org\/index.php?rest_route=%2Fwp%2Fv2%2Ftags&post=405"}],"curies":[{"name":"wp","href":"https:\/\/api.w.org\/{rel}","templated":true}]}}