{"id":408,"date":"2010-02-25T08:10:40","date_gmt":"2010-02-25T07:10:40","guid":{"rendered":"http:\/\/37.251.99.59:5000\/?p=408"},"modified":"2010-02-25T08:10:40","modified_gmt":"2010-02-25T07:10:40","slug":"crnoreki-monah-optuio-sinod-za-bezakonje","status":"publish","type":"post","link":"https:\/\/srcekrajine.org\/?p=408","title":{"rendered":"Crnore\u010dki monah optu\u017eio Sinod za bezakonje"},"content":{"rendered":"<h2 class=\"main-title\"><\/h2>\n<div id=\"node-81814\" class=\"node\">\n<div class=\"content\">\n<div class=\"field field-type-image field-field-image-for-teaser\" style=\"float: right\">\n<div class=\"field-item\"><img loading=\"lazy\" decoding=\"async\" src=\"http:\/\/www.glas-javnosti.rs\/\/files\/image_for_teaser\/Thumb_25DRUSTVO-GLAVNI-monah.jpg\" border=\"0\" width=\"350\" height=\"270\" \/><\/div>\n<\/p><\/div>\n<p>BEOGRAD &#8211; Monah Antonije iz manastira Crna reka optu\u017eio je ju\u010de Sinod  SPC za &#8222;bezakonje&#8220;, a od dr\u017eave zatra\u017eio da prekine pritiske na crkvu,  ali i da se obustave &#8222;reforme i novotarije&#8220; u Srpskoj pravoslavnoj  crkvi.<\/p>\n<p> <!--more--> <\/p>\n<p> Pred novinarima u beogradskom &#8222;Medija centru&#8220; on je ocenio da je  odluka Sinoda Srpske pravoslavne crkve da uvede administratora umesto  episkopa ra\u0161ko-prizrenskog Artemija povreda crkvenog ustava.<\/p>\n<p>Crnore\u010dki monah je naveo i da Sinod ima pravo da podigne optu\u017enicu  protiv nekog episkopa, da isledi slu\u010daj i da ga iznese na re\u0161avanje pred  Sabor svih episkopa SPC, pa da odredi administratora jedino u  upra\u017enjenoj eparhiji.<br \/> &#8211; U ovom trenutku episkop ra\u0161ko-prizrenski Artemije nalazi se u nekoj  vrsti ku\u0107nog pritvora. Uskra\u0107eno mu je pravo na kretanje po eparhiji i  teritoriji dr\u017eave Srbije, kao i dostupnost informacijama. Fiksni telefon  mu je isklju\u010den, mobilni se prislu\u0161kuje, a od medija je potpuno  odstranjen &#8211; rekao je isku\u0161enik Antonije i upozorio da za tako ne\u0161to ne  postoji odluka dr\u017eavnog suda, a ni crkvenim pravom nije predvi\u0111eno, i  naveo da je vladika Artemije naru\u0161enog fizi\u010dkog zdravlja i da je  &#8222;najo\u010dinskiji borac protiv otcepljenja Kosovskometohijske oblasti od  matice Srbije&#8220;.<\/p>\n<p>Antonije je ovom prilikom episkopa Atanasija nazvao &#8222;sinodalnim  egzekutorom&#8220;, rekao da je i &#8222;Sinod dr\u017eavni&#8220; i dodao da je njegov nastup  na konferenciji za novinare njegov li\u010dni \u010din i da govori u ime  inicijativnog odbora udru\u017eenja gra\u0111ana koje \u0107e najverovatnije biti  registrovano pod nazivom &#8222;Istinoljublje&#8220;.<\/p>\n<p>Prema njegovim re\u010dima, ve\u0107ina monaha na Kosovu protivi se  &#8222;inovatorima u Crkvi&#8220; koji se zala\u017eu za promene su\u0161tine pravoslavne  vere, a to pokazuju &#8222;na\u010dinom slu\u017eenja liturgije koja po\u010dinje da li\u010di na  katoli\u010dku misu i u\u010de\u0161\u0107em u me\u0111unarodnim ekumenskim skupovima, u Raveni  pre dve godine i pro\u0161le godine u \u0160ambeziju&#8220;.<\/p>\n<p>Nazivaju\u0107i papistima episkope SPC koji su u\u010destvovali u ovim  skupovima, on je objasnio da kao pravoslavni hri\u0161\u0107anin voli sve  pripadnike Katoli\u010dke i drugih hri\u0161\u0107anskih crkava, ali da se &#8222;s njima  ne\u0107e u jednu veru spojiti&#8220;.<\/p>\n<div class=\"field field-type-text  field-field-antrfile\">\n<div class=\"field-item\">\n<p><strong>Slu\u010daj vladike  prepustiti kanonima Crkve<\/strong><br \/> BEOGRAD &#8211; Udru\u017eenje prognanih sa Kosova i Metohije &#8222;Povratak ku\u0107nom  pragu&#8220; saop\u0161tilo je da slu\u010daj Eparhije ra\u0161ko-prizrenske treba da re\u0161ava  SPC, u skladu sa svojim kanonima i crkvenim Ustavom.<br \/> &#8211; Povodom slu\u010daja sa preosve\u0107enim vladikom Artemijem pozivamo sve  prognanike da bar mi, \u010diji povratak u mnogome zavisi od na\u0161e majke &#8211;  Srpske pravoslavne crkve, ne dolivamo ulje na vatru na\u0161im javnim  izjavama &#8211; navodi se u saop\u0161tenju.<br \/> Istakav\u0161i da je SPC &#8222;jedna od najuglednijih srpskih nacionalnih  institucija i kao takva jedan je od glavnih stubova postojanja i  opstajanja&#8220; srpskog naroda na Kosovu i Metohiji, \u010dlanovi Udru\u017eenja su  upozorili da ova afera u Crkvi mo\u017ee biti iskori\u0161\u0107ena za njeno razaranje,  ili \u0107e joj pri\u010diniti veliku \u0161tetu.- Slu\u010daj je sam po sebi stvar SPC-a i  trebalo bi da prepustimo njima da to re\u0161e -pi\u0161e u saop\u0161tenju. <\/p>\n<p><strong>Atanasije i Artemije posetili bolesnu igumaniju<\/strong><br \/> Vladike Atanasije i Artemije ju\u010de su dokazali da me\u0111u njima nema  neprijateljstva i zajedno posetili bolesnu igumaniju manastira  Gra\u010danica, mati Efrosiniju, u bolnici u Lapljem selu kod Gra\u010danice. Mati  Efrosinija je sa velikom blagodarno\u0161\u0107u do\u010dekala episkope i zahvalila se  na poseti, saop\u0161tila je Eparhija ra\u0161ko-prizrenska. Artemije je u subotu  u manastiru Gra\u010danica, prvi put posle odluke Sinoda o njegovom  razre\u0161enju slu\u017eio liturgiju uz saslu\u017eenje vikarnog episkopa lipljanskog  Teodosija, s kojim je poslednjih godina bio u otvorenom sukobu.  Ju\u010dera\u0161nja poseta bolesnoj igumaniji Efrosiniji samo potvr\u0111uje da se  situacija u Eparhiji ra\u0161ko-prizrenskoj smiruje.<br \/> N. P.<\/p>\n<\/p><\/div>\n<\/div>\n<p> Monah Antonije, koji je, kako je rekao, &#8222;napustio svoju isposnicu da bi  svedo\u010dio istinu&#8220;, najavio je da \u0107e zahtev da se obustavi &#8222;gra\u010dani\u010dka  inkvizicija&#8220; uskoro sti\u0107i do svih medija iz mnogih kosovsko-metohijskih  manastira.<br \/> Monah Antonije je naveo da je &#8222;sada\u0161nja dr\u017eavna vlast marionetska  slu\u0161kinja raznoraznih svetskih, masonskih mo\u0107nika&#8220;.<br \/> &#8211; Sinod po nalogu dr\u017eave, a nasuprot drevnim kanonima crkve namerno  \u010disti Crkvu iznutra &#8211; naveo je on. <\/p>\n<p>Posebne primedbe upu\u0107ene su mitropolitu Amfilohiju i episkopu ba\u010dkom  Irineju, koji je prekju\u010de, u svojstvu portparola SPC, potpisao  saop\u0161tenje u kome je monah Antonije predstavljen kao \u010dovek &#8222;neodgovornog  i sasvim neuravnote\u017eenog pona\u0161anja&#8220;, \u010dije predstave o situaciji u  Eparhiji ra\u0161ko-prizrenskoj ne mogu biti relevantne za ozbiljne medije.<br \/> Podse\u0107amo, u manastiru Gra\u010danica 14. februara fizi\u010dki su se sukobile dve  grupe monarha, jer je jedna grupa poku\u0161ala da za\u0161titi razre\u0161enog  episkopa Artemija. U grupi monaha koja je \u0161titila suspendovanog vladiku  bio je i monah Antonije, koji se od 1997. godine nalazi u manastiru Crna  reka.<\/p>\n<p>Autor:<\/p>\n<p>Agencija BETA <\/p>\n<\/p><\/div>\n<\/div>\n","protected":false},"excerpt":{"rendered":"<p>BEOGRAD &#8211; Monah Antonije iz manastira Crna reka optu\u017eio je ju\u010de Sinod SPC za &#8222;bezakonje&#8220;, a od dr\u017eave zatra\u017eio da prekine pritiske na crkvu, ali i da se obustave &#8222;reforme i novotarije&#8220; u Srpskoj pravoslavnoj crkvi.<\/p>\n","protected":false},"author":1,"featured_media":0,"comment_status":"open","ping_status":"open","sticky":false,"template":"","format":"standard","meta":{"footnotes":""},"categories":[1],"tags":[],"_links":{"self":[{"href":"https:\/\/srcekrajine.org\/index.php?rest_route=\/wp\/v2\/posts\/408"}],"collection":[{"href":"https:\/\/srcekrajine.org\/index.php?rest_route=\/wp\/v2\/posts"}],"about":[{"href":"https:\/\/srcekrajine.org\/index.php?rest_route=\/wp\/v2\/types\/post"}],"author":[{"embeddable":true,"href":"https:\/\/srcekrajine.org\/index.php?rest_route=\/wp\/v2\/users\/1"}],"replies":[{"embeddable":true,"href":"https:\/\/srcekrajine.org\/index.php?rest_route=%2Fwp%2Fv2%2Fcomments&post=408"}],"version-history":[{"count":0,"href":"https:\/\/srcekrajine.org\/index.php?rest_route=\/wp\/v2\/posts\/408\/revisions"}],"wp:attachment":[{"href":"https:\/\/srcekrajine.org\/index.php?rest_route=%2Fwp%2Fv2%2Fmedia&parent=408"}],"wp:term":[{"taxonomy":"category","embeddable":true,"href":"https:\/\/srcekrajine.org\/index.php?rest_route=%2Fwp%2Fv2%2Fcategories&post=408"},{"taxonomy":"post_tag","embeddable":true,"href":"https:\/\/srcekrajine.org\/index.php?rest_route=%2Fwp%2Fv2%2Ftags&post=408"}],"curies":[{"name":"wp","href":"https:\/\/api.w.org\/{rel}","templated":true}]}}