{"id":409,"date":"2010-02-28T07:05:41","date_gmt":"2010-02-28T06:05:41","guid":{"rendered":"http:\/\/37.251.99.59:5000\/?p=409"},"modified":"2010-02-28T07:05:41","modified_gmt":"2010-02-28T06:05:41","slug":"ustolienje-patrijarha-tek-u-oktobru","status":"publish","type":"post","link":"https:\/\/srcekrajine.org\/?p=409","title":{"rendered":"Ustoli\u010denje patrijarha tek u oktobru?"},"content":{"rendered":"<h2 class=\"main-title\">Razlog za odlaganje je \u010dinjenica da je kraj aprila isuvi\u0161e blizu  da bi sve moglo da se organizuje na pravi na\u010din, jer su interesovanje  za dolazak pokazale mnoge ugledne zvanice iz sveta, me\u0111u kojima i  predsednik Ruske Federacije Dmitrij Medvedev<\/h2>\n<p> <!--more--> <\/p>\n<h2 class=\"main-title\">                               \t\t   \t\t                             <\/h2>\n<div class=\"field field-type-image field-field-image-for-teaser\" style=\"float: right\">\n<div class=\"field-item\"><img loading=\"lazy\" decoding=\"async\" src=\"http:\/\/www.glas-javnosti.rs\/\/files\/image_for_teaser\/27DRUSTVO-glavni-patrijarh.jpg\" border=\"0\" width=\"350\" height=\"270\" \/><\/div>\n<\/p><\/div>\n<p>BEOGRAD &#8211; Patrijarh srpski Irinej, po svemu sude\u0107i, ne\u0107e biti  ustoli\u010den u Pe\u0107koj patrijar\u0161iji 25. aprila, ve\u0107 najverovatnije tek u  oktobru. Odluka o odlaganju ceremonije doneta je na sednici Svetog  arhijerejskog sinoda u \u010detvrtak, izme\u0111u ostalog i na inicijativu  monahinja iz Pe\u0107ke patrijar\u0161ije.<\/p>\n<div class=\"field field-type-text  field-field-antrfile\">\n<div class=\"field-item\">\n<p><strong>Antonije u  redovnoj proceduri<\/strong><\/p>\n<p>Sinod na prekju\u010de odr\u017eanoj sednici nije raspravljao o slu\u010daju  crnore\u010dkog monaha Antonija, koji je nedavno izneo o\u0161tre kritike na ra\u010dun  &#8222;crkvene vlade&#8220; i patrijarha. Odluka o njegovom razre\u0161enju doneta je  jo\u0161 za \u017eivota patrijarha Pavla, ali nije sprovedena, tako da \u0107e &#8222;slu\u010daj  Antonije&#8220; biti razmatran u redovnoj proceduri.<\/p>\n<p><strong>Otac Luka Novakovi\u0107 nije sumnjiv<\/strong><\/p>\n<p>Biv\u0161i stare\u0161ina hrama Svetog Save na Vra\u010daru otac Luka Novakovi\u0107 nije  predmet istrage sinodske komisije, koja ispituje detalje u vezi s  izgradnjom hrama, tvrdi vladika Grigorije.<br \/> &#8211; Kontrola izgradnje hrama ide redovnim putem, a otac Luka nije predmet  istrage. On je davno oti\u0161ao odatle i nema nikakve veze s izgradnjom &#8211;  ka\u017ee vladika Grigorije.<\/p>\n<p>\u00a0<\/p>\n<\/p><\/div>\n<\/div>\n<p>Prema re\u010dima na\u0161eg izvora bliskom vrhu SPC, razloga za ovakvu odluku  Sinoda je vi\u0161e.<br \/> &#8211; Kraj aprila, za kad je prvobitno zakazano ustoli\u010denje patrijarha,  suvi\u0161e je blizu da bi sve moglo da se organizuje na pravi na\u010din.  Interesovanje za dolazak u Pe\u0107ku patrijar\u0161iju pokazale su mnoge ugledne  zvanice iz celog sveta, a me\u0111u njima i dr\u017eavnici koji ve\u0107 imaju plan  obaveza za ovu godinu &#8211; ka\u017ee na\u0161 sagovornik i dodaje:<\/p>\n<p>&#8211; Postoje veoma ozbiljne najave da je i predsednik Ruske Federacije  Dmitrij Medvedev po\u017eeleo da prisustvuje ustoli\u010denju patrijarha. Me\u0111utim,  to nije jedini razlog. Monahinje iz Pe\u0107ke patrijar\u0161ije su, tako\u0111e,  apelovale da se ceremonija odlo\u017ei, kako bi imale dovoljno vremena da  pripreme manastir za tako veliki doga\u0111aj.<\/p>\n<p>Kako ka\u017ee na\u0161 izvor, datum ustoli\u010denja bi\u0107e naknadno odre\u0111en, ta\u010dnije  na slede\u0107oj redovnoj sednici Sinoda, ali se o\u010dekuje da \u0107e to biti u  oktobru, kada se jo\u0161 mo\u017ee ra\u010dunati na lepo vreme.<\/p>\n<p>Na\u0161 izvor isti\u010de da pomeranje datuma za ustoli\u010denje patrijarha nema  veze s trenutnom situacijom u Eparhiji ra\u0161ko-prizrenskoj i navodnim  nezadovoljstvom pojedinih monaha u tamo\u0161njim manastirima.<br \/> &#8211; Mnogo je spekulacija i podmetanja poslednjih dana. Ima poku\u0161aja da se  unese nemir u Eparhiju, ali uprkos tome, situacija se smiruje i nema  re\u010di o tome da se ustoli\u010denje odla\u017ee zbog toga &#8211; zaklju\u010duje na\u0161 izvor.<br \/> <strong>\u00a0<\/strong><\/p>\n<p> <strong>N. Popovi\u0107<\/strong><\/p>\n","protected":false},"excerpt":{"rendered":"<p>Razlog za odlaganje je \u010dinjenica da je kraj aprila isuvi\u0161e blizu da bi sve moglo da se organizuje na pravi na\u010din, jer su interesovanje za dolazak pokazale mnoge ugledne zvanice iz sveta, me\u0111u kojima i predsednik Ruske Federacije Dmitrij Medvedev<\/p>\n","protected":false},"author":1,"featured_media":0,"comment_status":"open","ping_status":"open","sticky":false,"template":"","format":"standard","meta":{"footnotes":""},"categories":[1],"tags":[],"_links":{"self":[{"href":"https:\/\/srcekrajine.org\/index.php?rest_route=\/wp\/v2\/posts\/409"}],"collection":[{"href":"https:\/\/srcekrajine.org\/index.php?rest_route=\/wp\/v2\/posts"}],"about":[{"href":"https:\/\/srcekrajine.org\/index.php?rest_route=\/wp\/v2\/types\/post"}],"author":[{"embeddable":true,"href":"https:\/\/srcekrajine.org\/index.php?rest_route=\/wp\/v2\/users\/1"}],"replies":[{"embeddable":true,"href":"https:\/\/srcekrajine.org\/index.php?rest_route=%2Fwp%2Fv2%2Fcomments&post=409"}],"version-history":[{"count":0,"href":"https:\/\/srcekrajine.org\/index.php?rest_route=\/wp\/v2\/posts\/409\/revisions"}],"wp:attachment":[{"href":"https:\/\/srcekrajine.org\/index.php?rest_route=%2Fwp%2Fv2%2Fmedia&parent=409"}],"wp:term":[{"taxonomy":"category","embeddable":true,"href":"https:\/\/srcekrajine.org\/index.php?rest_route=%2Fwp%2Fv2%2Fcategories&post=409"},{"taxonomy":"post_tag","embeddable":true,"href":"https:\/\/srcekrajine.org\/index.php?rest_route=%2Fwp%2Fv2%2Ftags&post=409"}],"curies":[{"name":"wp","href":"https:\/\/api.w.org\/{rel}","templated":true}]}}