{"id":412,"date":"2010-03-03T14:34:37","date_gmt":"2010-03-03T13:34:37","guid":{"rendered":"http:\/\/37.251.99.59:5000\/?p=412"},"modified":"2010-03-03T14:34:37","modified_gmt":"2010-03-03T13:34:37","slug":"kunera-vrea-istina-novinara-niia-nazvao-ludakom-i-bolesnikom","status":"publish","type":"post","link":"https:\/\/srcekrajine.org\/?p=412","title":{"rendered":"Ku\u0161nera vre\u0111a istina &#8211; novinara Ni\u010di\u0107a nazvao ludakom i bolesnikom!"},"content":{"rendered":"<div class=\"content\">\n<div class=\"field field-type-image field-field-image-for-teaser\" style=\"float: right\">\n<div class=\"field-item\"><img loading=\"lazy\" decoding=\"async\" src=\"http:\/\/www.glas-javnosti.rs\/\/files\/image_for_teaser\/2-POL-DRUGI-kusner.jpg\" border=\"0\" width=\"350\" height=\"270\" \/><\/div>\n<\/p><\/div>\n<p>GRA\u010cANICA &#8211; Francuski ministar spoljnih poslova Bernar Ku\u0161ner ju\u010de je  novinara Glasa Amerike Budimira Ni\u010di\u0107a nazvao ludakom i bolesnikom!<\/p>\n<p> <!--more--> <\/p>\n<p> &#8211; Vi ste dakle bolesni. Vi ste ludi, nemojte govoriti takve gluposti &#8211;  vre\u0111ao je Francuz na najprimitivniji na\u010din novinara Ni\u010di\u0107a koji ga je  pitao u vezi sa njegovim stavom o &#8222;\u017eutoj ku\u0107i&#8220; u Albaniji.<br \/> Ku\u0161ner je dodao da ne mo\u017ee da veruje da mu neko postavlja, kako je  ocenio, takvo nebulozno pitanje.<\/p>\n<p>&#8211; \u0160ta je to \u017euta ku\u0107a? Za\u0161to \u017euta? Gospodine, trebalo bi da odete na  kontrolu kod lekara. Ljudi koji tako ne\u0161to pri\u010daju su propalice i ubice &#8211;  rekao je Ku\u0161ner.<br \/> Posle razgovora sa direktorkom Doma zdravlja Radom Trajkovi\u0107 u Gra\u010danici  novinari su Ku\u0161nera upitali o tvrdnjama porodica otetih kosovskih Srba  da je i on u\u010destvovao u trgovini organima njihovih ro\u0111aka.<br \/> &#8211; Da li ste bolesni&#8230; Nemojte da verujete u sve \u0161to se ka\u017ee. \u0160ta to  zna\u010di da smo Rada i ja uzimali le\u0161eve da krademo organe? &#8211; rekao je \u0161ef  francuske diplomatije.<br \/> Na pitanje o ubistvu 14 Srba 1999. godine u Starom Grackom, Ku\u0161ner, koji  je tada bio \u0161ef Unmika, rekao je da je za njega posebno te\u0161ko \u0161to za  taj zlo\u010din jo\u0161 niko nije odgovarao. <\/p>\n<div class=\"field field-type-text field-field-antrfile\">\n<div class=\"field-item\">\n<p><strong>Glas Amerike: Manji incident<\/strong><\/p>\n<p>Povodom ju\u010dera\u0161njeg doga\u0111aja, Glas Amerike sino\u0107 je saop\u0161tio da je  &#8222;tokom Ku\u0161nerovog razgovora sa novinarima, ispred Doma zdravlja do\u0161lo do  manjeg incidenta sa dopisnikom Glasa Amerike&#8220;.<\/p>\n<p><strong>Protest UNS i NUNS<\/strong><\/p>\n<p>Udru\u017eenje novinara Srbije protestovalo je ju\u010de zbog nediplomatskog  govora i uvreda, koje je na ra\u010dun novinara Budimira Ni\u010di\u0107a, izrekao \u0161ef  francuske diplomatije Bernar Ku\u0161ner.<br \/> Postupak Ku\u0161nera osudilo je i Nezavisno udru\u017eenje novinara Srbije  (NUNS).<br \/> &#8211; Francuska je zemlja koja se ponosi slobodom \u0161tampe i stepenom  demokratije i njen visoki predstavnik ne mo\u017ee sebi dozvoliti da  uvredljivim opho\u0111enjem prema izve\u0161ta\u010dima dovodi u sumnju, s jedne  strane, ta dostignu\u0107a, a s druge napore me\u0111unarodne zajednice i Srbije  da se utvrdi istina o zlo\u010dinima po\u010dinjenim na Kosovu &#8211; navedeno je u  saop\u0161tenju NUNS u kome se, tako\u0111e zahteva se obja\u0161njenje Francuske za  Ku\u0161nerovo pona\u0161anje koje, kako se ocenjuje, prevazilazi sve dopustive  okvire i izra\u017eava nadu da se sli\u010dni ekcesi ne\u0107e ponoviti.<\/p>\n<\/p><\/div>\n<\/div>\n<p> &#8211; Dan ubistva srpskih \u017eetelaca u Starom Grackom, taj masakr nevinih  ljudi koji su radili na njivi, bio je najcrnji dan u mom \u017eivotu.  Porodice ubijenih misle da sam ja kriv za taj masakr jer sam tad radio  kao \u0161ef Unmika &#8211; izjavio je Ku\u0161ner.<br \/> Novinar Glasa Amerike Budimir Ni\u010di\u0107, izjavio je Tanjugu da je uvre\u0111en  Ku\u0161nerovim re\u010dima. <\/p>\n<p>&#8211; Gospodina Ku\u0161nera nisam \u017eeleo da provociram, ve\u0107 sam samo  profesionalno radio svoj posao &#8211; rekao je Ni\u010di\u0107. &#8211; Ku\u0161nera sam, uz  konstataciju da ga mnoge porodice kidnapovanih optu\u017euju za u\u010de\u0161\u0107e u  trgovini organima, pitao kakav je njegov odgovor na to i kakav je njegov  stav o takozvanoj \u017eutoj ku\u0107i. Onda me on pitao da li sam bolestan i  lud.<br \/> Ni\u010di\u0107 je naglasio da je &#8222;pogo\u0111en i uvre\u0111en&#8220; Ku\u0161nerovim komentarom.<\/p>\n<\/p><\/div>\n","protected":false},"excerpt":{"rendered":"<p>GRA\u010cANICA &#8211; Francuski ministar spoljnih poslova Bernar Ku\u0161ner ju\u010de je novinara Glasa Amerike Budimira Ni\u010di\u0107a nazvao ludakom i bolesnikom!<\/p>\n","protected":false},"author":1,"featured_media":0,"comment_status":"open","ping_status":"open","sticky":false,"template":"","format":"standard","meta":{"footnotes":""},"categories":[1],"tags":[],"_links":{"self":[{"href":"https:\/\/srcekrajine.org\/index.php?rest_route=\/wp\/v2\/posts\/412"}],"collection":[{"href":"https:\/\/srcekrajine.org\/index.php?rest_route=\/wp\/v2\/posts"}],"about":[{"href":"https:\/\/srcekrajine.org\/index.php?rest_route=\/wp\/v2\/types\/post"}],"author":[{"embeddable":true,"href":"https:\/\/srcekrajine.org\/index.php?rest_route=\/wp\/v2\/users\/1"}],"replies":[{"embeddable":true,"href":"https:\/\/srcekrajine.org\/index.php?rest_route=%2Fwp%2Fv2%2Fcomments&post=412"}],"version-history":[{"count":0,"href":"https:\/\/srcekrajine.org\/index.php?rest_route=\/wp\/v2\/posts\/412\/revisions"}],"wp:attachment":[{"href":"https:\/\/srcekrajine.org\/index.php?rest_route=%2Fwp%2Fv2%2Fmedia&parent=412"}],"wp:term":[{"taxonomy":"category","embeddable":true,"href":"https:\/\/srcekrajine.org\/index.php?rest_route=%2Fwp%2Fv2%2Fcategories&post=412"},{"taxonomy":"post_tag","embeddable":true,"href":"https:\/\/srcekrajine.org\/index.php?rest_route=%2Fwp%2Fv2%2Ftags&post=412"}],"curies":[{"name":"wp","href":"https:\/\/api.w.org\/{rel}","templated":true}]}}