{"id":413,"date":"2010-03-03T14:53:31","date_gmt":"2010-03-03T13:53:31","guid":{"rendered":"http:\/\/37.251.99.59:5000\/?p=413"},"modified":"2010-03-03T14:53:31","modified_gmt":"2010-03-03T13:53:31","slug":"lani-mitovi-u-sarajevu-i-srebrenici","status":"publish","type":"post","link":"https:\/\/srcekrajine.org\/?p=413","title":{"rendered":"La\u017eni mitovi o Sarajevu i Srebrenici"},"content":{"rendered":"<div style=\"float: left; font-style: normal; text-decoration: none; font-weight: normal; width: 100%\">\n<div style=\"float: left\"> \t\t\t\t\t\t\t\t\t\t\t \t\t\t\t\t\t<img decoding=\"async\" src=\"http:\/\/nadlanu.com\/Uploads\/Beta-News\/20100302_200-ItemID-163948-lrg.jpg\" border=\"0\" alt=\"Karad\u017ei\u0107: La\u017ene \u017ertve u Sarajevu i Srebrenici\" \/> \t\t\t\t\t\t\t\t\t\t\t\t \t\t\t\t\t\t\t\t\t\t\t\t  \t\t\t\t\t\t\t\t\t\t\t<\/div>\n<\/div>\n<p> \t\t\t\t\tHAG, 2. marta 2010. (Beta)  &#8211; Optu\u017eeni Radovan Karad\u017ei\u0107 nazvao je u utorak pred Ha\u0161kim tribunalom  &#8222;la\u017enim mitovima&#8220; i &#8222;la\u017enim \u017ertvama&#8220; optu\u017ebe o masovnim ubistvima nesrba  u Sarajevu i Srebrenici 1992-95. negiraju\u0107i svoju odgovornost.  <br \/> <!--more-->  <br \/>Biv\u0161i predsednik Republike Srpske Radovan Karad\u017ei\u0107, optu\u017een za  genocid nad nesrbima u BiH, opovrgavao je da je Sarajevo bilo u opsadi i  pod terorom snaga pod njegovom kontrolom, tvrde\u0107i da je, suprotno  navodima optu\u017enice, vojska RS bila u okru\u017eenju muslimanskih i hrvatskih  snaga.  <\/p>\n<p>Srbi su u Sarajevu i \u0161irom BiH, po Karad\u017ei\u0107u, kontrolisali samo  svoje teritorije, a nisu ni poku\u0161avali da zauzmu &#8222;muslimanske&#8220;.  &#8222;Mermerna je istina da Sarajevo nije bilo pod srpskom opsadom, nego je  bilo podeljen grad&#8220;, rekao je optu\u017eeni.  <\/p>\n<p>Negiraju\u0107i da je VRS nasumi\u010dno granatirala civile u Sarajevu,  Karad\u017ei\u0107 je rekao da su muslimanske snage iz mnogih civilnih objekata &#8211;  poput \u0161kola, vrti\u0107a, muzeja &#8211; otvarale vatru na srpske polo\u017eaje,  pretvaraju\u0107i ih time u legitimne vojne ciljeve. Na mapi grada je pokazao  vi\u0161e primera.  <\/p>\n<p>Odgovornost za masovna stradanja civila u gradu, Karad\u017ei\u0107 je  prebacio na muslimanske vlasti, ponavljaju\u0107i da su one namerno  granatirale i pucale na sopstveno stanovni\u0161tvo kako bi izazvale stranu  intervenciju. Naglasio je da je &#8222;uveren da na Markalama 1 i Markalama 2  mo\u017eda \u010dak i nije bilo civilnih \u017ertava i da su tela podmetnuta&#8220;.   <\/p>\n<div style=\"float: left; font-style: normal; text-decoration: none; font-weight: normal; width: 100%\">\n<div style=\"float: left\"> \t\t\t\t\t\t\t\t\t\t\t\t \t\t\t\t\t\t\t\t\t\t\t\t  \t\t\t\t\t\t\t\t\t\t\t<\/div>\n<\/div>\n","protected":false},"excerpt":{"rendered":"<p>HAG, 2. marta 2010. (Beta) &#8211; Optu\u017eeni Radovan Karad\u017ei\u0107 nazvao je u utorak pred Ha\u0161kim tribunalom &#8222;la\u017enim mitovima&#8220; i &#8222;la\u017enim \u017ertvama&#8220; optu\u017ebe o masovnim ubistvima nesrba u Sarajevu i Srebrenici 1992-95. negiraju\u0107i svoju odgovornost.<\/p>\n","protected":false},"author":1,"featured_media":0,"comment_status":"open","ping_status":"open","sticky":false,"template":"","format":"standard","meta":{"footnotes":""},"categories":[1],"tags":[],"_links":{"self":[{"href":"https:\/\/srcekrajine.org\/index.php?rest_route=\/wp\/v2\/posts\/413"}],"collection":[{"href":"https:\/\/srcekrajine.org\/index.php?rest_route=\/wp\/v2\/posts"}],"about":[{"href":"https:\/\/srcekrajine.org\/index.php?rest_route=\/wp\/v2\/types\/post"}],"author":[{"embeddable":true,"href":"https:\/\/srcekrajine.org\/index.php?rest_route=\/wp\/v2\/users\/1"}],"replies":[{"embeddable":true,"href":"https:\/\/srcekrajine.org\/index.php?rest_route=%2Fwp%2Fv2%2Fcomments&post=413"}],"version-history":[{"count":0,"href":"https:\/\/srcekrajine.org\/index.php?rest_route=\/wp\/v2\/posts\/413\/revisions"}],"wp:attachment":[{"href":"https:\/\/srcekrajine.org\/index.php?rest_route=%2Fwp%2Fv2%2Fmedia&parent=413"}],"wp:term":[{"taxonomy":"category","embeddable":true,"href":"https:\/\/srcekrajine.org\/index.php?rest_route=%2Fwp%2Fv2%2Fcategories&post=413"},{"taxonomy":"post_tag","embeddable":true,"href":"https:\/\/srcekrajine.org\/index.php?rest_route=%2Fwp%2Fv2%2Ftags&post=413"}],"curies":[{"name":"wp","href":"https:\/\/api.w.org\/{rel}","templated":true}]}}