{"id":414,"date":"2010-03-05T13:09:24","date_gmt":"2010-03-05T12:09:24","guid":{"rendered":"http:\/\/37.251.99.59:5000\/?p=414"},"modified":"2010-03-05T13:09:24","modified_gmt":"2010-03-05T12:09:24","slug":"gani-i-efendi-rukovodili-masakrom","status":"publish","type":"post","link":"https:\/\/srcekrajine.org\/?p=414","title":{"rendered":"Gani\u0107 i Efendi\u0107 rukovodili masakrom"},"content":{"rendered":"<div class=\"content\">\n<div class=\"field field-type-image field-field-image-for-teaser\" style=\"float: right\">\n<div class=\"field-item\"><img loading=\"lazy\" decoding=\"async\" src=\"http:\/\/www.glas-javnosti.rs\/\/files\/image_for_teaser\/5-POL-DRUGI--2ejup.jpg\" border=\"0\" width=\"350\" height=\"270\" \/><\/div>\n<\/p><\/div>\n<p>BANJALUKA &#8211; &#8222;Ejup Gani\u0107 i Hasan Efendi\u0107 rukovodili su ubistvom  vojnika JNA u Dobrovolja\u010dkoj ulici&#8220;, rekao je u iskazu pred Vojnim sudom  u Beogradu nekada\u0161nji ministar unutra\u0161njih poslova Republike BiH Alija  Delimustafi\u0107, objavio je ju\u010de banjalu\u010dki Glas Srpske!<br \/> Ova izjava Delimustafi\u0107a data je jo\u0161 2002. godine.<\/p>\n<p> <!--more--> <\/p>\n<p> &#8211; Ejup Gani\u0107 je 3. maja imenovao Odbor za razmenu predsednika dr\u017eave i  komandanta Druge vojne oblasti. Gani\u0107 je bio u ulozi vrhovnog komandanta  vojske, kao predsednik Predsedni\u0161tva, dok su Hasan Efendi\u0107, Sefer  Halilovi\u0107, Mustafa Hajrulahovi\u0107 zvani Talijan, Zaim Backovi\u0107 zvani Zagi,  Jovan Divjak, Fikret Muslimovi\u0107 i Kerim Lon\u010darevi\u0107 bili njegovi  pomo\u0107nici &#8211; stoji u Delimustafi\u0107evom iskazu.<\/p>\n<p>Dalje se navodi da je \u0161tab stalno de\u017eurao u Predsedni\u0161tvu BiH u kojem  su bili\u00a0 Ejup Gani\u0107 i Hasan Efendi\u0107, dok je Zaim Backovi\u0107 operativno  upravljao\u00a0 Hajrulahovi\u0107em, koji je rukovodio svom operativom (Beretkama i  Patriotskom ligom), a pomagali su mu Divjak, Sefer Halilovi\u0107, Kerim  Lon\u010darevi\u0107.<br \/> &#8211; Sve vreme zajedno sa Gani\u0107em u Predsedni\u0161tvu bio je sin Alije  Izetbegovi\u0107a, Bakir Izetbegovi\u0107 &#8211; rekao je Delimustafi\u0107 u svojoj izjavi  od 29. januara 2002. vojnom istra\u017enom sudiji u Beogradu, u okviru  istrage u predmetu KI 651\/93. Tu\u017eila\u0161tvo za ratne zlo\u010dine predmet  &#8222;Dobrovolja\u010dka&#8220; preuzelo je od Vojnog suda.<br \/> Zlo\u010din u Dobrovolja\u010dkoj ulici u Sarajevu po\u010dinjen je 3. maja 1992.  godine. U komandi Vojske u Lukavici za to vreme bio je zarobljen  muslimanski lider i predsedavaju\u0107i Predsedni\u0161tva BiH Alija Izetbegovi\u0107.<\/p>\n<div class=\"field field-type-text field-field-antrfile\">\n<div class=\"field-item\">\n<p><strong>Masakrirani vojnici<\/strong><\/p>\n<p>U Dobrovolja\u010dkoj ulici ubijeni su pukovnici Budimir Radulovi\u0107,  Gradimir Petrovi\u0107 i Bo\u0161ko Mihajlovi\u0107, potpukovnik Bo\u0161ko Jovani\u0107, kapetan  prve klase Marko Labudovi\u0107, poru\u010dnici Ivica Cvetkovi\u0107, Nihad Kastrati i  Obrad Gvozdenovi\u0107, stariji vodnik Kazafer Roti\u0107, desetar Ivica Simi\u0107 i  vojnici Momir Mojsilovi\u0107, Stevo Ritan, Vlastimir Petrovi\u0107, Zoran Gaji\u0107,  Robert Ko\u010di\u0107, Neboj\u0161a Jovanovi\u0107, Goran Divovi\u0107, Slobodan Jeli\u0107, Predrag  Cerovi\u0107, Miodrag \u0110urovi\u0107, Sre\u0107ko Jovani\u0107, Branko Popovi\u0107, Dragan  Vitkovi\u0107, Zdravko Tomovi\u0107 i Perica Novi\u0107, te gra\u0111ansko lice na slu\u017ebi u  JNA Normela \u0160uko. Ranjeno je i dvadesetak pripadnika JNA.<\/p>\n<\/p><\/div>\n<\/div>\n<p>U sporazumu izme\u0111u JNA, Unprofora i rukovodstva u Sarajevu, ta\u010dnije  Gani\u0107a, dogovoreno je da se na bezbedan na\u010din evakui\u0161e Druga vojna  oblast sa Bistrika, a da se oslobode Izetbegovi\u0107, njegova pratnja, u  kojoj su bili njegova k\u0107erka Sabina i aktuelni lider SDP-a Zlatko  Lagumd\u017eija.<br \/> Me\u0111utim, vr\u0161ilac du\u017enosti predsedavaju\u0107eg Predsedni\u0161tva Ejup Gani\u0107 i  komandant Teritorijalne odbrane Hasan Efendi\u0107 odlu\u010dili su da se propusti  samo vozilo u kojem se nalazi Izetbegovi\u0107 i komandant Druge vojne  oblasti general Milutin Kukanjac, a da se ostatak kolone u povla\u010denju  prese\u010de i napadne iako je Izetbegovi\u0107 dao druga\u010dije obe\u0107anje.<br \/> General u penziji Du\u0161an Kova\u010devi\u0107 tvrdi da su direktnu naredbu za napad  na kolonu dao Gani\u0107 i Efendi\u0107.<br \/> &#8211; On (Gani\u0107) naredio je svojim pot\u010dinjenima da se Dobrovolja\u010dka blokira i  da nas sve pobiju. Gani\u0107 je tada rekao &#8211; Zapaliti i pobiti, niko ne\u0107e  pro\u0107i pre dolaska UN &#8211; naveo je Kova\u010devi\u0107, koji se i sam nalazio u  vojnoj koloni.<\/p>\n<p>Autor:<\/p>\n<p>Agencia BETA <\/p>\n<\/p><\/div>\n","protected":false},"excerpt":{"rendered":"<p>BANJALUKA &#8211; &#8222;Ejup Gani\u0107 i Hasan Efendi\u0107 rukovodili su ubistvom vojnika JNA u Dobrovolja\u010dkoj ulici&#8220;, rekao je u iskazu pred Vojnim sudom u Beogradu nekada\u0161nji ministar unutra\u0161njih poslova Republike BiH Alija Delimustafi\u0107, objavio je ju\u010de banjalu\u010dki Glas Srpske! Ova izjava Delimustafi\u0107a data je jo\u0161 2002. godine.<\/p>\n","protected":false},"author":1,"featured_media":0,"comment_status":"open","ping_status":"open","sticky":false,"template":"","format":"standard","meta":{"footnotes":""},"categories":[1],"tags":[],"_links":{"self":[{"href":"https:\/\/srcekrajine.org\/index.php?rest_route=\/wp\/v2\/posts\/414"}],"collection":[{"href":"https:\/\/srcekrajine.org\/index.php?rest_route=\/wp\/v2\/posts"}],"about":[{"href":"https:\/\/srcekrajine.org\/index.php?rest_route=\/wp\/v2\/types\/post"}],"author":[{"embeddable":true,"href":"https:\/\/srcekrajine.org\/index.php?rest_route=\/wp\/v2\/users\/1"}],"replies":[{"embeddable":true,"href":"https:\/\/srcekrajine.org\/index.php?rest_route=%2Fwp%2Fv2%2Fcomments&post=414"}],"version-history":[{"count":0,"href":"https:\/\/srcekrajine.org\/index.php?rest_route=\/wp\/v2\/posts\/414\/revisions"}],"wp:attachment":[{"href":"https:\/\/srcekrajine.org\/index.php?rest_route=%2Fwp%2Fv2%2Fmedia&parent=414"}],"wp:term":[{"taxonomy":"category","embeddable":true,"href":"https:\/\/srcekrajine.org\/index.php?rest_route=%2Fwp%2Fv2%2Fcategories&post=414"},{"taxonomy":"post_tag","embeddable":true,"href":"https:\/\/srcekrajine.org\/index.php?rest_route=%2Fwp%2Fv2%2Ftags&post=414"}],"curies":[{"name":"wp","href":"https:\/\/api.w.org\/{rel}","templated":true}]}}