{"id":4167,"date":"2015-03-13T17:01:26","date_gmt":"2015-03-13T16:01:26","guid":{"rendered":"https:\/\/srcekrajine.org\/?p=4167"},"modified":"2015-03-13T17:01:26","modified_gmt":"2015-03-13T16:01:26","slug":"razumevanje-za-rusiju","status":"publish","type":"post","link":"https:\/\/srcekrajine.org\/?p=4167","title":{"rendered":"Razumevanje za Rusiju"},"content":{"rendered":"<p><span class=\"author\">V. N.<\/span> | 13. mart 2015.<\/p>\n<div class=\"gallery\">\n<div class=\"imgb\"><a class=\"verticalArticleImage cboxElement\" href=\"http:\/\/www.novosti.rs\/upload\/images\/2015\/\/03\/12n\/svet-helmut-smit.jpg\"> <img decoding=\"async\" src=\"http:\/\/www.novosti.rs\/upload\/thumbs\/images\/2015\/\/03\/12n\/svet-helmut-smit_620x0.jpg\" alt=\" Nekada\u0161nji nema\u010dki kancelar Helmut \u0160mit \" \/> <\/a><\/div>\n<div class=\"imgb\">\n<p>BIV\u0160I nema\u010dki kancelar Helmut \u0160mit (96) pozvao je Nema\u010dku i Evropu da imaju vi\u0161e razumevanja za Rusiju i njenog predsednika Vladimira Putina, upozoriv\u0161i da bi se u suprotnom ukrajinski konflikt \u010dak mogao pretvoriti u &#8211; rat.<\/p>\n<div class=\"inlineBanner\"><!--more--><\/p>\n<div class=\"gallery\">\n<div class=\"imgb\">\n<p>&#8211; To da bi iz konflikta oko Ukrajine mogao nastati \u010dak i vru\u0107i rat nije potpuno isklju\u010deno &#8211; rekao je \u0160mit u intervjuu za nema\u010dki tabliod &#8222;Bild&#8220;. On je ocenio da su Putinove brige usmerene manje na Ukrajinu, Poljsku ili Litvaniju, a vi\u0161e na Kinu, Pakistan i biv\u0161e sovjetske republike i da je, u vezi sa tim, za Putina budu\u0107nost Ukrajine manje va\u017ena. Putin je, prema \u0160mitovim re\u010dima, ponovo pribavio Rusiji me\u0111unarodno po\u0161tovanje.<\/p>\n<p>z<\/p>\n<p>\u0160mit, peti po redu nema\u010dki kancelar i, sude\u0107i prema anketama, najomiljeniji od svih biv\u0161ih kancelara, pojavljuje se i dalje u javnosti, sa neizbe\u017enom cigaretom, premda je pu\u0161enje u Nema\u010dkoj skoro &#8222;proterano&#8220;. On kritikuje i Evropsku uniju i kancelara Angelu Merkel i Rusiju i govori o mnogim temama, poput &#8222;kapitalizma, kao ptice grabljivice&#8220;, ameri\u010dkog \u0161pijuniranja, ekonomske krize&#8230;<\/p>\n<p><b>NEDOLAZAK ZAPADNIH LIDERA<\/b><\/p>\n<p>Najavljeni izostanak nekih zapadnih lidera sa sve\u010dane vojne parade u Moskvi za Dan pobede 9. maja ne\u0107e pokvariti prazni\u010dnu atmosferu obele\u017eavanja 70 godina od pobede u Drugom svetskom ratu, naveo je Dmitrij Peskov, portparol ruskog predsednika Vladimira Putina.<\/p>\n<p>Nema\u010dka kancelarka Angela Merkel saop\u0161tila je da ne\u0107e prisustvovati sve\u010danoj vojnoj parade na Crvenom trgu, a ranije su dolazak otkazali predsednik SAD Barak Obama, kao i zvani\u010dnici Poljske, Estonije i Litvanije, i britanski premijer Kameron.<\/p>\n<p>&nbsp;<\/p>\n<\/div>\n<\/div>\n<\/div>\n<\/div>\n<\/div>\n","protected":false},"excerpt":{"rendered":"<p>V. N. | 13. mart 2015. BIV\u0160I nema\u010dki kancelar Helmut \u0160mit (96) pozvao je Nema\u010dku i Evropu da imaju vi\u0161e razumevanja za Rusiju i njenog predsednika Vladimira Putina, upozoriv\u0161i da bi se u suprotnom ukrajinski konflikt \u010dak mogao pretvoriti u &#8211; rat.<\/p>\n","protected":false},"author":2,"featured_media":0,"comment_status":"open","ping_status":"open","sticky":false,"template":"","format":"standard","meta":{"footnotes":""},"categories":[1],"tags":[],"_links":{"self":[{"href":"https:\/\/srcekrajine.org\/index.php?rest_route=\/wp\/v2\/posts\/4167"}],"collection":[{"href":"https:\/\/srcekrajine.org\/index.php?rest_route=\/wp\/v2\/posts"}],"about":[{"href":"https:\/\/srcekrajine.org\/index.php?rest_route=\/wp\/v2\/types\/post"}],"author":[{"embeddable":true,"href":"https:\/\/srcekrajine.org\/index.php?rest_route=\/wp\/v2\/users\/2"}],"replies":[{"embeddable":true,"href":"https:\/\/srcekrajine.org\/index.php?rest_route=%2Fwp%2Fv2%2Fcomments&post=4167"}],"version-history":[{"count":1,"href":"https:\/\/srcekrajine.org\/index.php?rest_route=\/wp\/v2\/posts\/4167\/revisions"}],"predecessor-version":[{"id":4168,"href":"https:\/\/srcekrajine.org\/index.php?rest_route=\/wp\/v2\/posts\/4167\/revisions\/4168"}],"wp:attachment":[{"href":"https:\/\/srcekrajine.org\/index.php?rest_route=%2Fwp%2Fv2%2Fmedia&parent=4167"}],"wp:term":[{"taxonomy":"category","embeddable":true,"href":"https:\/\/srcekrajine.org\/index.php?rest_route=%2Fwp%2Fv2%2Fcategories&post=4167"},{"taxonomy":"post_tag","embeddable":true,"href":"https:\/\/srcekrajine.org\/index.php?rest_route=%2Fwp%2Fv2%2Ftags&post=4167"}],"curies":[{"name":"wp","href":"https:\/\/api.w.org\/{rel}","templated":true}]}}