{"id":417,"date":"2010-03-07T07:39:24","date_gmt":"2010-03-07T06:39:24","guid":{"rendered":"http:\/\/37.251.99.59:5000\/?p=417"},"modified":"2010-03-07T07:39:24","modified_gmt":"2010-03-07T06:39:24","slug":"momo-kapor-1937-2010","status":"publish","type":"post","link":"https:\/\/srcekrajine.org\/?p=417","title":{"rendered":"Momo Kapor (1937-2010)"},"content":{"rendered":"<div class=\"content\">\n<div class=\"field field-type-image field-field-image-for-teaser\" style=\"float: right\">\n<div class=\"field-item\"><img loading=\"lazy\" decoding=\"async\" src=\"http:\/\/www.glas-javnosti.rs\/\/files\/image_for_teaser\/06--Kultura--Momo-Kapor--Sa.jpg\" border=\"0\" width=\"350\" height=\"270\" \/><\/div>\n<\/p><\/div>\n<p>BEOGRAD &#8211; U Aleji zaslu\u017enih gra\u0111ana, na beogradskom Novom groblju  ju\u010de je sahranjen Mom\u010dilo &#8211; Momo Kapor (1937-2010), slikar i pisac,  autor vi\u0161e od \u010detrdeset knjiga.<\/p>\n<p> <!--more--> <\/p>\n<p> Poslednjem ispra\u0107aju, po hladnom i sne\u017enom danu, prisustvovao je veliki  broj pisaca, slikara, glumaca, prijatelja, po\u0161tovalaca dela Mome Kapora.  Na poslednji ispra\u0107aj do\u0161lo je vi\u0161e stotina ljudi, ceo intelektualni  Beograd. Do\u0161li su da ga isprate &#8222;obi\u010dni&#8220; Beogra\u0111ani o kojima je kao  svojevrsni hroni\u010dar ovoga grada neprestano pisao, ali i njegova bra\u0107a po  peru i ki\u010dici i li\u010dnosti iz javnog i kulturnog \u017eivota grada, Srbije i  Republike Srpske.<\/p>\n<p>Me\u0111u nima bili su Ljubivoje R\u0161umovi\u0107, Nikola Kusovac, Du\u0161an  Kova\u010devi\u0107, Igor Mandi\u0107, Milorad Vu\u010deli\u0107, Vuk Bojovi\u0107, Rada \u0110uri\u010din,  Vojislav Ko\u0161tunica, Radmila Hrustanovi\u0107, Kornelije Kova\u010d, Mirjana Bobi\u0107  Mojsilovi\u0107, Milo\u0161 \u0160obaji\u0107, Slobodan Rakiti\u0107, Adam Pusloji\u0107, Aleksandar  Ber\u010dek, Olja Be\u0107kovi\u0107&#8230;<br \/> Opelo je slu\u017eio vladika Atanasije Rakita, koji je potom govorio o  njegovom \u017eivotnom putu.<br \/> Opra\u0161taju\u0107i se od &#8222;sabrata i kuma&#8220; akademik Matija Be\u0107kovi\u0107 rekao je da  je smrt Mome Kapora prilika da se vidi je li Beograd \u017eiv, ili nije.<br \/> &#8211; I ve\u0107 na njegovom ispra\u0107aju uveravamo se da da jo\u0161 \u017eiv 011, i da  najvrelijim suzama oplakuje svog omiljenog pisca i najvoljenijeg  gra\u0111anina &#8211; rekao je Be\u0107kovi\u0107.<br \/> Napisao je koliko jedno udru\u017eenje knji\u017eevnika i naslikao koliko cela  likovna akademija, primetio je on i do poslednjeg daha zamajavao je  smrt.<\/p>\n<p>&#8211; Ovaj najgradskiji i najmoderniji pisac \u010diji su \u0111onovi dr\u017eali korak  sa vremenom, ni za blago i slavu celog sveta nije dao ni svoj rodoslov,  ni zemljani pod svoje ku\u0107e u Mirilovi\u0107ima &#8211; istakao je Be\u0107kovi\u0107.<br \/> Momo Kapor je, dodao je, bio je od onih ljudi koji ne mogu da ostare i  ostao je mladi\u0107 i u 73. godini.<br \/> &#8211; Smrt je odnela ono \u0161to je njeno. Dokopala mu se tela, ali njegovom  delu nije naudila nego ga u\u010dinila jo\u0161 vidljivijim i neponovljivijim nego  \u0161to je bilo &#8211; kazao je Be\u0107kovi\u0107 kome je Kapor u amanet ostavio da se  skupu obrati na njegovoj sahrani. <\/p>\n<div class=\"field field-type-text field-field-antrfile\">\t<\/div>\n<p> Pre toga, u Skup\u0161tini grada Beograda, na komemoraciji, o Kaporovom delu  govorili su Dragan \u0110ilas, gradona\u010delnik Beograda, Dobrica \u0106osi\u0107, Rajko  Petrov Nogo, Milo\u0161 \u0160obaji\u0107 i Veselin Simonovi\u0107. Porodici su telegrami  stizali iz \u010ditavog sveta, na Internetu su objavljene desetine hiljada  poruka. Telegram je stigao i od Arsena Dedi\u0107a, a onda su se \u010duli zvuci  pesme: &#8222;Oj, mladosti&#8220;&#8230;<br \/> Bista Mome Kapora bi\u0107e podignuta na Adi Ciganliji u znak se\u0107anja na tog  knji\u017eevnika, slikara i novinara, najavio je gradona\u010delnik Beograda  Dragan \u0110ilas na komemoraciji. <\/p>\n<p>Akademik Dobrica \u0106osi\u0107 je, opra\u0161taju\u0107i se od Kapora, rekao da je on  bio umetnik &#8222;koji je svojim svestranim darom duhovno, estetski, \u017eivotno,  uticao na sve generacije ro\u0111ene u drugoj polovini 20. veka&#8220;.<br \/> &#8211; Nema jugoslovenske devojke kojoj nije bila drugarica Ana Mome Kapora  niti mladi\u0107a kome &#8216;Provincijalci&#8217; i &#8216;Foliranti&#8217; nisu bile knjige koje su  ih u\u010dile da postanu Beogra\u0111ani &#8211; rekao je \u0106osi\u0107.<br \/> &#8211; U Srbiji postoje zasada samo dva grada koji imaju svoje pisce: Vranje &#8211;  Boru, a Beograd &#8211; Momu, rekoa je \u0106osi\u0107 i dodao da je Kapor bio  &#8222;graditelj Beograda koji se preselio u njegove knjige i slike&#8230; on je  lirski nostalgi\u010dar za Beogradom koga vi\u0161e nema&#8220;.<\/p>\n<p>Na komemorativnom skupu Kaporova prijateljica, dramska umetnica Rada  \u0110uri\u010din izgovorila je jedan monolog iz predstave &#8222;011&#8220; kojom je obi\u0161la  svet.<\/p>\n<\/p><\/div>\n","protected":false},"excerpt":{"rendered":"<p>BEOGRAD &#8211; U Aleji zaslu\u017enih gra\u0111ana, na beogradskom Novom groblju ju\u010de je sahranjen Mom\u010dilo &#8211; Momo Kapor (1937-2010), slikar i pisac, autor vi\u0161e od \u010detrdeset knjiga.<\/p>\n","protected":false},"author":1,"featured_media":0,"comment_status":"open","ping_status":"open","sticky":false,"template":"","format":"standard","meta":{"footnotes":""},"categories":[1],"tags":[],"_links":{"self":[{"href":"https:\/\/srcekrajine.org\/index.php?rest_route=\/wp\/v2\/posts\/417"}],"collection":[{"href":"https:\/\/srcekrajine.org\/index.php?rest_route=\/wp\/v2\/posts"}],"about":[{"href":"https:\/\/srcekrajine.org\/index.php?rest_route=\/wp\/v2\/types\/post"}],"author":[{"embeddable":true,"href":"https:\/\/srcekrajine.org\/index.php?rest_route=\/wp\/v2\/users\/1"}],"replies":[{"embeddable":true,"href":"https:\/\/srcekrajine.org\/index.php?rest_route=%2Fwp%2Fv2%2Fcomments&post=417"}],"version-history":[{"count":0,"href":"https:\/\/srcekrajine.org\/index.php?rest_route=\/wp\/v2\/posts\/417\/revisions"}],"wp:attachment":[{"href":"https:\/\/srcekrajine.org\/index.php?rest_route=%2Fwp%2Fv2%2Fmedia&parent=417"}],"wp:term":[{"taxonomy":"category","embeddable":true,"href":"https:\/\/srcekrajine.org\/index.php?rest_route=%2Fwp%2Fv2%2Fcategories&post=417"},{"taxonomy":"post_tag","embeddable":true,"href":"https:\/\/srcekrajine.org\/index.php?rest_route=%2Fwp%2Fv2%2Ftags&post=417"}],"curies":[{"name":"wp","href":"https:\/\/api.w.org\/{rel}","templated":true}]}}