{"id":418,"date":"2010-03-08T12:35:48","date_gmt":"2010-03-08T11:35:48","guid":{"rendered":"http:\/\/37.251.99.59:5000\/?p=418"},"modified":"2010-03-08T12:35:48","modified_gmt":"2010-03-08T11:35:48","slug":"eelj-na-slobodi-u-maju","status":"publish","type":"post","link":"https:\/\/srcekrajine.org\/?p=418","title":{"rendered":"\u0160e\u0161elj na slobodi u maju?"},"content":{"rendered":"<p><img decoding=\"async\" src=\"http:\/\/www.beta.rs\/ftp\/slikeS\/seselj%20milicija.jpg\" border=\"0\" alt=\"\u0160e\u0161elj na  slobodi u maju?\" \/> \t\t\t\t BEOGRAD, 7. marta 2010. (Beta) &#8211; \u0160ef pravnog tima za odbranu Vojislava \u0160e\u0161elja Zoran Krasi\u0107 rekao je u nedelju da o\u010dekuje da \u0107e lider SRS u maju biti oslobodjen i najavio da \u0107e, u protivnom, odbrana izvesti svoje svedoke.<\/p>\n<p> <!--more--> <\/p>\n<p>&#8222;Dosada\u0161nji svedoci ni\u0161ta  spektakularno nisu doprineli Tu\u017eila\u0161tvu ve\u0107 su omogu\u010dhili da javnost sazna da optu\u017enice protiv \u0160e\u0161elja &#8211; nema. Zato o\u010dekujemo oslobadjaju\u0107u presudu&#8220;, kazao je Krasi\u0107 na konferenciji za novinare u sedi\u0161tu stranke.<\/p>\n<p>Kako je dodao, ako  presuda ne bude oslobadjajui\u0107a odbrana \u0107e izvesti svoje svedoke, ali je odbio da govori o detaljima navod\u0107i da je &#8222;za odbranu rano&#8220;. Takodje, nije \u017eeleo da saop\u0161ti imena mogu\u0107ih svedoka. Krasi\u0107 je kazao da se \u0160e\u0161elju, koji se sam brani, ne finansiraju tro\u0161kovi, kao i da mu nisu dostupna tehni\u010dka sredstva koja je imao Slobodan Milo\u0161evi\u0107 koji se takodje sam branio pre Tribunalom.<\/p>\n<p><em>Beta<\/em> &#8211; Nedelja, 7.3.2010<\/p>\n","protected":false},"excerpt":{"rendered":"<p>BEOGRAD, 7. marta 2010. (Beta) &#8211; \u0160ef pravnog tima za odbranu Vojislava \u0160e\u0161elja Zoran Krasi\u0107 rekao je u nedelju da o\u010dekuje da \u0107e lider SRS u maju biti oslobodjen i najavio da \u0107e, u protivnom, odbrana izvesti svoje svedoke.<\/p>\n","protected":false},"author":1,"featured_media":0,"comment_status":"open","ping_status":"open","sticky":false,"template":"","format":"standard","meta":{"footnotes":""},"categories":[1],"tags":[],"_links":{"self":[{"href":"https:\/\/srcekrajine.org\/index.php?rest_route=\/wp\/v2\/posts\/418"}],"collection":[{"href":"https:\/\/srcekrajine.org\/index.php?rest_route=\/wp\/v2\/posts"}],"about":[{"href":"https:\/\/srcekrajine.org\/index.php?rest_route=\/wp\/v2\/types\/post"}],"author":[{"embeddable":true,"href":"https:\/\/srcekrajine.org\/index.php?rest_route=\/wp\/v2\/users\/1"}],"replies":[{"embeddable":true,"href":"https:\/\/srcekrajine.org\/index.php?rest_route=%2Fwp%2Fv2%2Fcomments&post=418"}],"version-history":[{"count":0,"href":"https:\/\/srcekrajine.org\/index.php?rest_route=\/wp\/v2\/posts\/418\/revisions"}],"wp:attachment":[{"href":"https:\/\/srcekrajine.org\/index.php?rest_route=%2Fwp%2Fv2%2Fmedia&parent=418"}],"wp:term":[{"taxonomy":"category","embeddable":true,"href":"https:\/\/srcekrajine.org\/index.php?rest_route=%2Fwp%2Fv2%2Fcategories&post=418"},{"taxonomy":"post_tag","embeddable":true,"href":"https:\/\/srcekrajine.org\/index.php?rest_route=%2Fwp%2Fv2%2Ftags&post=418"}],"curies":[{"name":"wp","href":"https:\/\/api.w.org\/{rel}","templated":true}]}}