{"id":42,"date":"2009-05-06T07:50:39","date_gmt":"2009-05-06T05:50:39","guid":{"rendered":"http:\/\/37.251.99.59:5000\/?p=42"},"modified":"2009-05-06T07:50:39","modified_gmt":"2009-05-06T05:50:39","slug":"provokacija-oko-proterivanja-ruskih-diplomata","status":"publish","type":"post","link":"https:\/\/srcekrajine.org\/?p=42","title":{"rendered":"Provokacija oko proterivanja ruskih diplomata"},"content":{"rendered":"<h1>iz Brisela je \u201enetalentovano i neve\u0161to organizovana\u201c<\/h1>\n<p align=\"justify\"><img loading=\"lazy\" decoding=\"async\" src=\"http:\/\/ruvr.ru\/files\/Image\/Intern_Organisations\/EU\/chizov.jpg\" border=\"0\" width=\"200\" height=\"155\" align=\"left\" \/>\u2013 smatra ambasador Rusije u EU Vladimir \u010ci\u017eov. <br \/>Kao izgovor za li\u0161enje akreditacije poslu\u017eila je izjava da su se predstavnici Rusije bavili delatno\u0161\u0107u koja je nespojiva sa diplomatijom. Drugim re\u010dima, slu\u017eba bezbednosti NATO-a sumnji\u010di ih za \u0161pijuna\u017eu. Naravno da direktne optu\u017ebe nisu usledile po\u0161to bi to povuklo za sobom ozbiljne posledice, trebalo bi navesti dokaze kojih nema,<\/p>\n<p> <!--more--> <\/p>\n<p align=\"justify\"> te bi izbio medjunarodni skandal. Ali i ove indirektne aluzije su dovoljne za demonstraciju o\u010dito neprijateljskog, nepartnerskog odnosa od strane Zapada. <br \/>Name\u0107e se pitanje: kakve snage stoje iza ove grube provokacije? Jasno je da je cilj ove akcije koja se potpuno kosi sa izjavama rukovodstva Alijanse o spremnosti za obnovu dijaloga sa Rusijom da se ovaj dijalog osujeti. To mo\u017ee rezultirati znatnim pogor\u0161anjem odnosa Moskve i Brisela \u2013 smatra ekspert ruskog Centra za politi\u010dka istra\u017eivanja Genadij Jevstafjev. <\/p>\n<p align=\"justify\">Dogadjaji pokazuju da je NATO bio, jeste, pa \u0107e, verovatno, biti te\u017eak partner. Ova organizacija ne mo\u017ee da mirno \u017eivi i zato stalno stvara izvesne probleme za Rusiju. Pri tome, Brisel nije svestan da \u0107e ovi problemi, na kraju krajeva, naneti \u0161tetu i imid\u017eu same Alijanse, i interesima koje ima. <br \/>Vredan je pa\u017enje slede\u0107i detalj: skandal vezan za proterivanje diplomata izbio je prakti\u010dno istovremeno sa potpisivanjem sporazuma Rusije sa Abhazijom i Ju\u017enom Osetijom koji predvidjaju zajedni\u010dko \u010duvanje granica i koje je Zapad krajnje negativno ocenio. Sa svoje strane, Moskva je zabrinuta zbog odluke Alijanse o izvodjenju vojnih ve\u017ebi u Gruziji. U ovom zamr\u0161enom kontekstu provokacija NATO-a koja \u0107e, nesumnjivo, povu\u0107i za sobom uzvratne mere Rusije jo\u0161 vi\u0161e pogor\u0161ava situaciju. <br \/>Iznosi se mi\u0161ljenje da \u0107e najnoviji dogadjaji u Briselu naneti veliku \u0161tetu medjunarodnom imid\u017eu Rusije jo\u0161 i zato \u0161to je jedan od proteranih diplomata sin ambasadora RF u EU Vladimira \u010ci\u017eova. Navodno, ocrnjen obraz sina mo\u017ee da kompromituje i uglednog medjunarodnog politi\u010dara i, samim tim, da oslabi pozicije Rusije u EU. Ali do toga ne\u0107e do\u0107i. I Vladimir \u010ci\u017eov uverava da doti\u010dni incident ni u kojoj meri ne\u0107e uticati na op\u0161ti karakter njegovog rada sa EU. A pripadnicima NAATO-a on preporu\u010duje da razmisle o posledicama ovakvih nedoli\u010dnih akcija koje \u0107er negativno uticati na odnose Alijanse sa Kremljom. <\/p>\n<div align=\"right\">05.05.2009<\/div>\n<div align=\"right\">RUVR\u00a0<\/div>\n","protected":false},"excerpt":{"rendered":"<p>iz Brisela je \u201enetalentovano i neve\u0161to organizovana\u201c \u2013 smatra ambasador Rusije u EU Vladimir \u010ci\u017eov. Kao izgovor za li\u0161enje akreditacije poslu\u017eila je izjava da su se predstavnici Rusije bavili delatno\u0161\u0107u koja je nespojiva sa diplomatijom. Drugim re\u010dima, slu\u017eba bezbednosti NATO-a sumnji\u010di ih za \u0161pijuna\u017eu. Naravno da direktne optu\u017ebe nisu usledile po\u0161to bi to povuklo za [&hellip;]<\/p>\n","protected":false},"author":1,"featured_media":0,"comment_status":"open","ping_status":"open","sticky":false,"template":"","format":"standard","meta":{"footnotes":""},"categories":[1],"tags":[],"_links":{"self":[{"href":"https:\/\/srcekrajine.org\/index.php?rest_route=\/wp\/v2\/posts\/42"}],"collection":[{"href":"https:\/\/srcekrajine.org\/index.php?rest_route=\/wp\/v2\/posts"}],"about":[{"href":"https:\/\/srcekrajine.org\/index.php?rest_route=\/wp\/v2\/types\/post"}],"author":[{"embeddable":true,"href":"https:\/\/srcekrajine.org\/index.php?rest_route=\/wp\/v2\/users\/1"}],"replies":[{"embeddable":true,"href":"https:\/\/srcekrajine.org\/index.php?rest_route=%2Fwp%2Fv2%2Fcomments&post=42"}],"version-history":[{"count":0,"href":"https:\/\/srcekrajine.org\/index.php?rest_route=\/wp\/v2\/posts\/42\/revisions"}],"wp:attachment":[{"href":"https:\/\/srcekrajine.org\/index.php?rest_route=%2Fwp%2Fv2%2Fmedia&parent=42"}],"wp:term":[{"taxonomy":"category","embeddable":true,"href":"https:\/\/srcekrajine.org\/index.php?rest_route=%2Fwp%2Fv2%2Fcategories&post=42"},{"taxonomy":"post_tag","embeddable":true,"href":"https:\/\/srcekrajine.org\/index.php?rest_route=%2Fwp%2Fv2%2Ftags&post=42"}],"curies":[{"name":"wp","href":"https:\/\/api.w.org\/{rel}","templated":true}]}}