{"id":420,"date":"2010-03-09T21:16:05","date_gmt":"2010-03-09T20:16:05","guid":{"rendered":"http:\/\/37.251.99.59:5000\/?p=420"},"modified":"2010-03-09T21:16:05","modified_gmt":"2010-03-09T20:16:05","slug":"guskova-poslanici-paljivo-sa-srebrenicom","status":"publish","type":"post","link":"https:\/\/srcekrajine.org\/?p=420","title":{"rendered":"Guskova: Poslanici, pa\u017eljivo sa Srebrenicom"},"content":{"rendered":"<p class=\"source\">Press<\/p>\n<p class=\"eventPlace_eventDate\">                                                                                 <span class=\"eventPlace\">Moskva<\/span>                                                                                                                   <span class=\"eventDate\">09. 03. 2010<\/span>                          <\/p>\n<p class=\"lead\">Poznati ruski istori\u010dar Jelena Guskova,  rukovodilac Centra za izu\u010davanje balkanske krize na Institutu za  slavistiku Ruske akademije nauka, poslala je pismo poslanicima Skup\u0161tine  u kojem ih upozorava da \u201ene treba \u017euriti sa priznanjem svoje krivice i  sa izvinjenjem sve dok ne budu razja\u0161njene sve okolnosti vezane za  doga\u0111aje u Srebrenici&#8220;.<\/p>\n<div class=\"boxFull\">\n<div class=\"boxCaption\">1<\/div>\n<div class=\"boxImage\"><img loading=\"lazy\" decoding=\"async\" src=\"http:\/\/www.pressonline.rs\/upload\/boxImageData\/2010\/2\/8\/93248\/guskova.jpg\" border=\"0\" alt=\"Genocid nije utvr\u0111en...  Guskova\" title=\"Genocid nije utvr\u0111en... Guskova\" width=\"400\" height=\"425\" \/><\/div>\n<div class=\"boxBody\"><strong>Genocid  nije utvr\u0111en&#8230;<\/strong> Guskova<\/p><\/div>\n<\/div>\n<p> <!--more--> <\/p>\n<p>&#8211; Danas je problem Srebrenice postao predmet politi\u010dke  spekulacije, u koju uvla\u010de Srbe, iako se pojavljuje sve vi\u0161e podataka da  je Srebrenica isplanirana i dobro izvedena operacija zapadnih  specijalnih slu\u017ebi. Muslimansku verziju \u017ertava niko i ne poku\u0161ava da  proveri, svi je prihvataju kao aksiom. Ipak, podaci o broju \u017ertava nisu  potvr\u0111eni \u010dinjenicama, slika doga\u0111aja u julu 1995. ostaje nejasna,  podaci protivre\u010dni, a mnoge optu\u017ebe &#8211; izmi\u0161ljene &#8211; navodi Guskova.<\/p>\n<p>Ona  dodaje da su u Institutu organizovali me\u0111unarodnu konferenciju  posve\u0107enu Srebrenici.<\/p>\n<p>&#8211; Svi doga\u0111aji su stavljeni u istorijski  kontekst i otvoreni su novi aspekti koji menjaju op\u0161tu sliku de\u0161avanja.  To je dalo mogu\u0107nost da se druga\u010dije gleda na problem Srebrenice i da se  po\u010dne sa preispitivanjem zvani\u010dne verzije &#8211; navodi ona.<\/p>\n<p>Ruska  istori\u010darka dodane da \u201e\u017euriti sa priznanjem svoje krivice i sa  izvinjenjem ne treba sve dok sve okolnosti vezane za doga\u0111aje u  Srebrenici ne budu razja\u0161njene&#8220;.<\/p>\n<p>&#8211; Jo\u0161 su \u017eivi svedoci, u\u010desnici  tih doga\u0111aja, progovorili su holandski mirotvorci, objavljuju svoja  istra\u017eivanja nau\u010dnici. Ne treba srpski narod da snosi odgovornost za to  \u0161to nije uradio. Ne treba rukovodstvo beskona\u010dno da se izvinjava,  poni\u017eava, podrivaju\u0107i tako samopo\u0161tovanje naroda. Posle toga, sutra niko  ne\u0107e po\u0107i da brani otad\u017ebinu &#8211; navodi Jelena Guskova.&#8220; \u00a0\u00a0 <\/p>\n<p class=\"author\"> (R. P.) <\/p>\n","protected":false},"excerpt":{"rendered":"<p>Press Moskva 09. 03. 2010 Poznati ruski istori\u010dar Jelena Guskova, rukovodilac Centra za izu\u010davanje balkanske krize na Institutu za slavistiku Ruske akademije nauka, poslala je pismo poslanicima Skup\u0161tine u kojem ih upozorava da \u201ene treba \u017euriti sa priznanjem svoje krivice i sa izvinjenjem sve dok ne budu razja\u0161njene sve okolnosti vezane za doga\u0111aje u Srebrenici&#8220;. [&hellip;]<\/p>\n","protected":false},"author":1,"featured_media":0,"comment_status":"open","ping_status":"open","sticky":false,"template":"","format":"standard","meta":{"footnotes":""},"categories":[1],"tags":[],"_links":{"self":[{"href":"https:\/\/srcekrajine.org\/index.php?rest_route=\/wp\/v2\/posts\/420"}],"collection":[{"href":"https:\/\/srcekrajine.org\/index.php?rest_route=\/wp\/v2\/posts"}],"about":[{"href":"https:\/\/srcekrajine.org\/index.php?rest_route=\/wp\/v2\/types\/post"}],"author":[{"embeddable":true,"href":"https:\/\/srcekrajine.org\/index.php?rest_route=\/wp\/v2\/users\/1"}],"replies":[{"embeddable":true,"href":"https:\/\/srcekrajine.org\/index.php?rest_route=%2Fwp%2Fv2%2Fcomments&post=420"}],"version-history":[{"count":0,"href":"https:\/\/srcekrajine.org\/index.php?rest_route=\/wp\/v2\/posts\/420\/revisions"}],"wp:attachment":[{"href":"https:\/\/srcekrajine.org\/index.php?rest_route=%2Fwp%2Fv2%2Fmedia&parent=420"}],"wp:term":[{"taxonomy":"category","embeddable":true,"href":"https:\/\/srcekrajine.org\/index.php?rest_route=%2Fwp%2Fv2%2Fcategories&post=420"},{"taxonomy":"post_tag","embeddable":true,"href":"https:\/\/srcekrajine.org\/index.php?rest_route=%2Fwp%2Fv2%2Ftags&post=420"}],"curies":[{"name":"wp","href":"https:\/\/api.w.org\/{rel}","templated":true}]}}