{"id":422,"date":"2010-03-11T08:09:55","date_gmt":"2010-03-11T07:09:55","guid":{"rendered":"http:\/\/37.251.99.59:5000\/?p=422"},"modified":"2010-03-11T08:09:55","modified_gmt":"2010-03-11T07:09:55","slug":"etiri-godine-od-smrti-slobodana-miloevia","status":"publish","type":"post","link":"https:\/\/srcekrajine.org\/?p=422","title":{"rendered":"\u010cetiri godine od smrti Slobodana Milo\u0161evi\u0107a"},"content":{"rendered":"<div class=\"content\">\n<div class=\"field field-type-image field-field-image-for-teaser\" style=\"float: right\">\n<div class=\"field-item\"><img loading=\"lazy\" decoding=\"async\" src=\"http:\/\/www.glas-javnosti.rs\/\/files\/image_for_teaser\/Thumb_11politikadonji1milisevic20100311.jpg\" border=\"0\" width=\"350\" height=\"284\" \/><\/div>\n<\/p><\/div>\n<p>BEOGRAD &#8211; Vesti &#8211;\u00a0 \u010detvrtak, 11. mar 2010, 07:30 -> 16:00<br \/>Godi\u0161njica smrti Slobodana  Milo\u0161evi\u0107a<\/p>\n<p>Polaganjem venaca na grob u Po\u017earevcu, funkcioneri  SPS-a, Branko Ru\u017ei\u0107 i Milutin Mrkonji\u0107, obele\u017eili \u010detiri godine od smrti  biv\u0161eg predsednika Srbije i Jugoslavije Slobodana Milo\u0161evi\u0107a.<\/p>\n<p> <!--more--> <\/p>\n<p> Na  Milo\u0161evi\u0107ev grob cve\u0107e je polo\u017eilo i stotinu gra\u0111ana, ali ne i \u010dlanovi  njegove porodice.<\/p>\n<p>Na \u010detvrtu godi\u0161njicu od smrti biv\u0161eg  predsednika Srbije i SRJ, Slobodana Milo\u0161evi\u0107a, njegov grob u Po\u017earevcu  posetili su funkcioneri Socijalisti\u010dke partije Srbije Branko Ru\u017ei\u0107 i  Milutin Mrkonji\u0107.<br \/>Insert iz filma &#8222;Slobodan Milo\u0161evi\u0107 &#8211; uspon i pad&#8220;<\/p>\n<p>Ru\u017ei\u0107,  koji je predsednik Izvr\u0161nog odbora SPS-a, rekao je da lider socijalista  Ivica Da\u010di\u0107 nije mogao da do\u0111e zbog obaveza u parlamentu Srbije.<\/p>\n<p>Ru\u017ei\u0107  je rekao da je Milo\u0161evi\u0107 &#8222;ostavio veliki pe\u010dat&#8220; u novijoj istoriji  Srbije, kao i da je za objektivnu ocenu o vremenu u kojem je bio na \u010delu  dr\u017eave potrebno da protekne odre\u0111eni vremenski period.<\/p>\n<p>&#8222;To vreme  nam je ostavilo vrednosti poput o\u010duvanja integriteta i suvereniteta  na\u0161e zemlje po pitanju Kosova i Metohije, Rezoluciju 1244 Saveta  bezbednosti, Republiku Srpsku&#8220;, naveo je Ru\u017ei\u0107.<\/p>\n<p>Predsednik  Socijalisti\u010dke partije Srbije Ivica Da\u010di\u0107 ocenio je povodom \u010detiri  godine od smrti Slobodana Milo\u0161evi\u0107a, da SPS ne mo\u017ee da \u017eivi od  pro\u0161losti ve\u0107 da gra\u0111anima Srbije mora da ponudi viziju budu\u0107nosti.<\/p>\n<p>Da\u010di\u0107  je rekao da sada\u0161nje rukovodstvo SPS-a ne \u017eeli da &#8222;potpuno  negativisti\u010dki&#8220; gleda na pro\u0161lost stranke, ali ni da je &#8222;mitologizuje&#8220;.<\/p>\n<p>Na  pitanje zbog \u010dega danas nije bio u delegaciji SPS-a koja je obi\u0161la grob  Milo\u0161evi\u0107a u Po\u017earevcu, Da\u010di\u0107 je rekao da je imao obaveza u Skup\u0161tini  Srbije, da nije bio ni na sahrani, a ni pro\u0161le godine zbog dr\u017eavnih  obaveza.<\/p>\n<p>Cve\u0107e na grob polo\u017eila je i delegacija Udru\u017eenje gra\u0111ana  &#8222;Sloboda&#8220; u kojoj su bili Uro\u0161 \u0160uvakovi\u0107, Tomica Milenkovi\u0107, Du\u0161an  \u010cuki\u0107, Sne\u017eana Aleksi\u0107 i Milorad Radevi\u0107.<\/p>\n<p>Milo\u0161evi\u0107ev grob u  dvori\u0161tu porodi\u010dne ku\u0107e u Po\u017earevcu, obi\u0161lo je i oko stotinu gra\u0111ana.  Kao ni prethodnih godina, \u010dlanovi njegove najbli\u017ee porodice nisu bili  prisutni.<\/p>\n<p>Milo\u0161evi\u0107 je umro od infarkta u svojoj \u0107eliji u  pritvoru Ha\u0161kog tribunala, tokom su\u0111enja za ratne i zlo\u010dine protiv  \u010dove\u010dnosti na Kosovu i u Hrvatskoj, i za genocid u Bosni i Hercegovini.<\/p>\n<p>Ha\u0161ki  proces protiv Milo\u0161evi\u0107a, prekidan vi\u0161e puta zbog njegovog lo\u0161eg  zdravstvenog stanja, trajao je \u010detiri godine, a okon\u010dan je njegovom  smr\u0107u u 64. godini.<\/p>\n<p>Politi\u010dki put Slobodana Milo\u0161evi\u0107a<\/p>\n<p>Milo\u0161evi\u0107  je ro\u0111en 20. avgusta 1941. godine u Po\u017earevcu, gde je zavr\u0161io gimnaziju  i maturirao 1960. godine, a diplomirao je na Pravnom fakultetu u  Beogradu 1964. godine.<\/p>\n<p>Njegov uspon ka vlasti po\u010deo je 28. juna  1989. godine posle govora na Kosovu, u Gazimestanu, povodom obele\u017eavanja  600 godina Kosovske bitke, kome je prisustvovalo oko milion ljudi.<\/p>\n<p>Na  prvim vi\u0161estrana\u010dkim izborima u Srbiji posle Drugog svetskog rata,  decembra 1990. godine, izabran je za predsednika Srbije.<\/p>\n<p>Iste  godine, na osniva\u010dkom kongresu SPS-a, izabran je za prvog predsednika te  stranke, nastale ujedinjenjem Saveza komunista Srbije i Socijalisti\u010dkog  saveza radnog naroda Srbije, a na \u010delu stranke je bio do smrti.<\/p>\n<p>Na  prevremenim izborima, decembra 1992. godine, ponovo je izabran za  predsednika Srbije, a od 1997. do oktobra 2000. godine bio je predsednik  Savezne Republike Jugoslavije i po funkciji \u010dlan Vrhovnog saveta  odbrane SRJ.<\/p>\n<p>Milo\u0161evi\u0107 je predvodio delegaciju u kojoj su bila po  tri \u010dlana iz SRJ i Republike Srpske na pregovorima u Dejtonu (SAD), u  novembru 1995. godine.<\/p>\n<p>Tada je u ime delegacije parafirao  Sporazum o miru u BiH, poznat i kao Dejtonski sporazum, koji je, zatim,  potpisan decembra 1995. godine u Parizu.<\/p>\n<p>Desetogodi\u0161nja vladavina  zavr\u0161ena 2000. godine<\/p>\n<p>Desetogodi\u0161nja vladavina Milo\u0161evi\u0107a  zavr\u0161ena je krajem 2000. pobedom udru\u017eene Demokratske opozicije Srbije  (DOS) na izborima za predsednika SRJ.<\/p>\n<p>Me\u0111unarodni krivi\u010dni sud za  biv\u0161u Jugoslaviju u Hagu objavio je 27. maja 1999. godine optu\u017enicu  protiv Milo\u0161evi\u0107a, dva meseca nakon \u0161to je NATO po\u010deo da bombarduje SRJ.<\/p>\n<p>Bila  je to prva u istoriji optu\u017eba Me\u0111unarodnog suda protiv aktivnog \u0161efa  jedne dr\u017eave za ratne zlo\u010dine i zlo\u010dine protiv \u010dove\u010dnosti.<\/p>\n<p>Uhap\u0161en  je 31. marta 2001. godine, a izru\u010den Ha\u0161kom tribunalu 28. juna iste  godine.<\/p>\n<p>Milo\u0161evi\u0107 je tvrdio da je neko u Hagu preduzimao &#8222;aktivne  i smi\u0161ljene korake&#8220; da uni\u0161ti njegovo zdravlje i da su, s ciljem da se  to prikrije, sudije tog suda odbile da mu dozvole da ode iz Haga na  le\u010denje na kardiovaskularnu kliniku u Moskvi.<\/p>\n<p>Dok su mnogi bliski  saradnici biv\u0161eg predsednika i medicinski stru\u010dnjaci poverovali u  &#8222;teoriju&#8220; o trovanju, tu\u017eilac Tribunala je tokom su\u0111enja vi\u0161e puta  tvrdio da Milo\u0161evi\u0107 manipuli\u0161e svojim zdravljem odbijanjem da sledi  propisani lekarski re\u017eim.<\/p>\n<p>Njegovo telo dopremljeno je iz Haga u  Beograd 15. marta 2006, a narednog dana je bilo izlo\u017eeno u Muzeju &#8222;25.  maj&#8220; u okviru muzejskog kompleksa na Dedinju.<\/p>\n<p>Istog dana vi\u0161e od  50.000 Milo\u0161evi\u0107evih pristalica se okupilo ispred Skup\u0161tine SCG u centru  Beograda, gde je na pokrivenoj bini bio izlo\u017een kov\u010deg sa njegovim  posmrtnim ostacima.<\/p>\n<p>Sahranjen je u Po\u017earevcu, u dvori\u0161tu  porodi\u010dne ku\u0107e.<\/p>\n<p>(po secanju, najmanje 100.000 gradjana&#8230;)<\/p>\n<p>\u00a0<\/p>\n<p>\u00a0<\/p>\n<\/p><\/div>\n","protected":false},"excerpt":{"rendered":"<p>BEOGRAD &#8211; Vesti &#8211;\u00a0 \u010detvrtak, 11. mar 2010, 07:30 -> 16:00Godi\u0161njica smrti Slobodana Milo\u0161evi\u0107a Polaganjem venaca na grob u Po\u017earevcu, funkcioneri SPS-a, Branko Ru\u017ei\u0107 i Milutin Mrkonji\u0107, obele\u017eili \u010detiri godine od smrti biv\u0161eg predsednika Srbije i Jugoslavije Slobodana Milo\u0161evi\u0107a.<\/p>\n","protected":false},"author":1,"featured_media":0,"comment_status":"open","ping_status":"open","sticky":false,"template":"","format":"standard","meta":{"footnotes":""},"categories":[1],"tags":[],"_links":{"self":[{"href":"https:\/\/srcekrajine.org\/index.php?rest_route=\/wp\/v2\/posts\/422"}],"collection":[{"href":"https:\/\/srcekrajine.org\/index.php?rest_route=\/wp\/v2\/posts"}],"about":[{"href":"https:\/\/srcekrajine.org\/index.php?rest_route=\/wp\/v2\/types\/post"}],"author":[{"embeddable":true,"href":"https:\/\/srcekrajine.org\/index.php?rest_route=\/wp\/v2\/users\/1"}],"replies":[{"embeddable":true,"href":"https:\/\/srcekrajine.org\/index.php?rest_route=%2Fwp%2Fv2%2Fcomments&post=422"}],"version-history":[{"count":0,"href":"https:\/\/srcekrajine.org\/index.php?rest_route=\/wp\/v2\/posts\/422\/revisions"}],"wp:attachment":[{"href":"https:\/\/srcekrajine.org\/index.php?rest_route=%2Fwp%2Fv2%2Fmedia&parent=422"}],"wp:term":[{"taxonomy":"category","embeddable":true,"href":"https:\/\/srcekrajine.org\/index.php?rest_route=%2Fwp%2Fv2%2Fcategories&post=422"},{"taxonomy":"post_tag","embeddable":true,"href":"https:\/\/srcekrajine.org\/index.php?rest_route=%2Fwp%2Fv2%2Ftags&post=422"}],"curies":[{"name":"wp","href":"https:\/\/api.w.org\/{rel}","templated":true}]}}