{"id":429,"date":"2010-03-20T08:36:05","date_gmt":"2010-03-20T07:36:05","guid":{"rendered":"http:\/\/37.251.99.59:5000\/?p=429"},"modified":"2010-03-20T08:36:05","modified_gmt":"2010-03-20T07:36:05","slug":"holandski-vojnici-homoseksualci-krivi-za-srebrenicu","status":"publish","type":"post","link":"https:\/\/srcekrajine.org\/?p=429","title":{"rendered":"Holandski vojnici-homoseksualci krivi za Srebrenicu"},"content":{"rendered":"<div class=\"content\">\n<div class=\"field field-type-image field-field-image-for-teaser\" style=\"float: right\">\n<div class=\"field-item\"><img loading=\"lazy\" decoding=\"async\" src=\"http:\/\/www.glas-javnosti.rs\/\/files\/image_for_teaser\/Thumb_20POL-gornji-pederi.jpg\" border=\"0\" width=\"350\" height=\"270\" \/><\/div>\n<\/p><\/div>\n<p>BEOGRAD &#8211; Holandsko ministarstvo odbrane ju\u010de je \u017eestoko reagovalo na  optu\u017ebe biv\u0161eg komandanta NATO D\u017eona \u0160ijana da je prisustvo  homoseksualaca u me\u0111u holandskim mirovnim snagama jedan je od razloga  zbog kojih te jedinice nisu uspele da spre\u010de zlo\u010din u Srebrenici!<\/p>\n<p> <!--more--> <\/p>\n<p> Penzionisani general \u0160ijan je govorio je pred komitetom za oru\u017eane snage  Senata SAD koji razmatra nacrt zakona koji bi ameri\u010dkim vojnicima  homoseksualcima dozvolio da otvoreno iskazuju svoje seksualno  opredeljenje. General smatra da bi to podrilo jedinstvo borbenih snaga.<\/p>\n<p>Kao primer lo\u0161eg uticaja prisustva homoseksualaca u vojnim snagama  \u0160ijan je naveo holandske oru\u017eane snage koje su odmah posle prestanka  hladnog rata liberalizovale svoju vojsku, dozvoljavaju\u0107i i  homoseksualcima da budu vojnici i koncentrisale se na mirovne misije.  Prema njegovom mi\u0161ljenju, to je dovelo do toga da takve snage postanu  nespremne za rat, a primer je Srebrenica. Upitan da li su mu to rekli  holandski zvani\u010dnici, general \u0160ijan je odgovorio pozitivno i dodao da su  mu rekli da je to bio jedan od uzroka. <\/p>\n<div class=\"field field-type-text field-field-antrfile\">\n<div class=\"field-item\">\n<p>Lale zapanjene<\/p>\n<p>Holandska vlada i vojska ju\u010de su odbacile tvrdnje biv\u0161eg ameri\u010dkog  generala D\u017eona \u0160ijana da je ulazak snaga Vojske RS u Srebrenicu 1995.  bio povezan s prisustvom homoseksualaca u njihovoj armiji.<br \/> &#8211; Zapanjen sam &#8211; rekao je \u0161ef holandske diplomatije Maksim Ferhagen.<\/p>\n<\/p><\/div>\n<\/div>\n<p> Holandsko ministarstvo odbrane ocenilo je ove tvrdnje ameri\u010dkog generala  kao &#8222;potpuno besmislene&#8220; i istaklo da je neverovatno da &#8222;\u010dovek njegovog  nivoa izjavi ne\u0161to sli\u010dno&#8220;.<br \/> Vojno-politi\u010dki analiti\u010dar Miroslav Lazanski, u izjavi za Kurir ka\u017ee da  je na ovaj na\u010din ozbiljna tema tretirana na neozbiljan na\u010din.<br \/> &#8211; Kao prvo, Holan\u0111ana je bilo veoma malo. Drugo, onaj kome treba  postaviti pitanje je francuski general Bertran \u017danvije, za\u0161to nije  pokrenuo vazdu\u0161nu podr\u0161ku kada je trebalo &#8211; podse\u0107a Lazanski. <\/p>\n<p>I profesor na Fakultetu za bezbednost Zoran Dragi\u0161i\u0107 tvrdi da odavno  nije \u010duo ve\u0107u glupost.<br \/> &#8211; Holandski bataljon taman da je bio sa\u010dinjen od supermena nije mogao da  uradi ni\u0161ta, jer su srpske snage bile toliko nadmo\u0107nije. \u010cak i da je  bilo homoseksualaca, to nije sigurno bilo presudno &#8211; ka\u017ee Dragi\u0161i\u0107.<\/p>\n<p>Autor :\u00a0 I . \u0160aronji\u0107<\/p>\n<\/p><\/div>\n","protected":false},"excerpt":{"rendered":"<p>BEOGRAD &#8211; Holandsko ministarstvo odbrane ju\u010de je \u017eestoko reagovalo na optu\u017ebe biv\u0161eg komandanta NATO D\u017eona \u0160ijana da je prisustvo homoseksualaca u me\u0111u holandskim mirovnim snagama jedan je od razloga zbog kojih te jedinice nisu uspele da spre\u010de zlo\u010din u Srebrenici!<\/p>\n","protected":false},"author":1,"featured_media":0,"comment_status":"open","ping_status":"open","sticky":false,"template":"","format":"standard","meta":{"footnotes":""},"categories":[1],"tags":[],"_links":{"self":[{"href":"https:\/\/srcekrajine.org\/index.php?rest_route=\/wp\/v2\/posts\/429"}],"collection":[{"href":"https:\/\/srcekrajine.org\/index.php?rest_route=\/wp\/v2\/posts"}],"about":[{"href":"https:\/\/srcekrajine.org\/index.php?rest_route=\/wp\/v2\/types\/post"}],"author":[{"embeddable":true,"href":"https:\/\/srcekrajine.org\/index.php?rest_route=\/wp\/v2\/users\/1"}],"replies":[{"embeddable":true,"href":"https:\/\/srcekrajine.org\/index.php?rest_route=%2Fwp%2Fv2%2Fcomments&post=429"}],"version-history":[{"count":0,"href":"https:\/\/srcekrajine.org\/index.php?rest_route=\/wp\/v2\/posts\/429\/revisions"}],"wp:attachment":[{"href":"https:\/\/srcekrajine.org\/index.php?rest_route=%2Fwp%2Fv2%2Fmedia&parent=429"}],"wp:term":[{"taxonomy":"category","embeddable":true,"href":"https:\/\/srcekrajine.org\/index.php?rest_route=%2Fwp%2Fv2%2Fcategories&post=429"},{"taxonomy":"post_tag","embeddable":true,"href":"https:\/\/srcekrajine.org\/index.php?rest_route=%2Fwp%2Fv2%2Ftags&post=429"}],"curies":[{"name":"wp","href":"https:\/\/api.w.org\/{rel}","templated":true}]}}