{"id":430,"date":"2010-03-20T08:43:15","date_gmt":"2010-03-20T07:43:15","guid":{"rendered":"http:\/\/37.251.99.59:5000\/?p=430"},"modified":"2010-03-20T08:43:15","modified_gmt":"2010-03-20T07:43:15","slug":"irilov-srpsko-naslee-na-kosmetu-upisano-u-unesko","status":"publish","type":"post","link":"https:\/\/srcekrajine.org\/?p=430","title":{"rendered":"\u0106irilov: Srpsko nasle\u0111e na Kosmetu upisano u UNESKO"},"content":{"rendered":"<div class=\"content\">\n<div class=\"field field-type-image field-field-image-for-teaser\" style=\"float: right\">\n<div class=\"field-item\"><img loading=\"lazy\" decoding=\"async\" src=\"http:\/\/www.glas-javnosti.rs\/\/files\/image_for_teaser\/Thumb_20POL-gornji-cirilov.jpg\" border=\"0\" width=\"350\" height=\"270\" \/><\/div>\n<\/p><\/div>\n<p>BEOGRAD &#8211; Niko ozbiljan ne mo\u017ee da ka\u017ee da srednjovekovne crkve na  Kosovu i Metohiji ne pripadaju Srbima<\/p>\n<p> <!--more--> <\/p>\n<p> i da su one vekovno kulturno  nasle\u0111e Albanaca, poru\u010dio je ju\u010de vr\u0161ilac du\u017enosti predsednika  Nacionalne komisije za saradnju sa UNESKO Jovan \u0106irilov.<\/p>\n<p>U pri\u0161tinskom dnevniku Bota sot kosovski akademik Mark Krasni\u0107i  ustvrdio je da nijedna srednjovekovna crkva na Kosovu, osim Visokih  De\u010dana, ne pripada Srbima, jer ih je gradio Albanac iz Kotora. Reaguju\u0107i  na izjavu ministra kulture Srbije Neboj\u0161e Bradi\u0107a da Pri\u0161tina poku\u0161ava  da prisvoji srpsku kulturnu ba\u0161tinu, Krasni\u0107i je rekao da Albanci nemaju  \u0161ta da ukradu jer je to njihovo vekovno kulturno nasle\u0111e.<\/p>\n<p>&#8211; Ne mogu da verujem da iko ozbiljan u Evropi mo\u017ee da ka\u017ee tako ne\u0161to  posle stotina i hiljada nau\u010dnih stranica na temu na\u0161e srpske  srednjevekovne umetnosti. Na\u0161e kulturno nasle\u0111e koje je stavljeno na  UNESKO-vu listu svetske ba\u0161tine, pripada svima, ba\u0161 zato \u0161to je  progla\u0161eno svetskim. Pripada celoj Evropi, pa naravno da pripada i  Albancima kao \u010dlanovima evropske zajednice. Ali ne mogu da razumem. Nema  razloga da se falsifikuje istorija na takav na\u010din &#8211; rekao je \u0106irilov.<\/p>\n<p>On je dodao da je to \u0161to je izre\u010deno naivno. &#8222;Moglo bi se re\u0107i da je  bezopasno, rekao&#8220; je v.d. predsednika Nacionalne komisije za saradnju sa  UNESKO, ali i dodao da se &#8222;pokazalo da i najve\u0107e gluposti izgovorene u  istoriji mogu da dovedu do tragi\u010dnih posledica&#8220;.<\/p>\n<p>\u00a0<\/p>\n<p>\u00a0<\/p>\n<p>Autor : Tanjug<\/p>\n<\/p><\/div>\n","protected":false},"excerpt":{"rendered":"<p>BEOGRAD &#8211; Niko ozbiljan ne mo\u017ee da ka\u017ee da srednjovekovne crkve na Kosovu i Metohiji ne pripadaju Srbima<\/p>\n","protected":false},"author":1,"featured_media":0,"comment_status":"open","ping_status":"open","sticky":false,"template":"","format":"standard","meta":{"footnotes":""},"categories":[1],"tags":[],"_links":{"self":[{"href":"https:\/\/srcekrajine.org\/index.php?rest_route=\/wp\/v2\/posts\/430"}],"collection":[{"href":"https:\/\/srcekrajine.org\/index.php?rest_route=\/wp\/v2\/posts"}],"about":[{"href":"https:\/\/srcekrajine.org\/index.php?rest_route=\/wp\/v2\/types\/post"}],"author":[{"embeddable":true,"href":"https:\/\/srcekrajine.org\/index.php?rest_route=\/wp\/v2\/users\/1"}],"replies":[{"embeddable":true,"href":"https:\/\/srcekrajine.org\/index.php?rest_route=%2Fwp%2Fv2%2Fcomments&post=430"}],"version-history":[{"count":0,"href":"https:\/\/srcekrajine.org\/index.php?rest_route=\/wp\/v2\/posts\/430\/revisions"}],"wp:attachment":[{"href":"https:\/\/srcekrajine.org\/index.php?rest_route=%2Fwp%2Fv2%2Fmedia&parent=430"}],"wp:term":[{"taxonomy":"category","embeddable":true,"href":"https:\/\/srcekrajine.org\/index.php?rest_route=%2Fwp%2Fv2%2Fcategories&post=430"},{"taxonomy":"post_tag","embeddable":true,"href":"https:\/\/srcekrajine.org\/index.php?rest_route=%2Fwp%2Fv2%2Ftags&post=430"}],"curies":[{"name":"wp","href":"https:\/\/api.w.org\/{rel}","templated":true}]}}