{"id":433,"date":"2010-03-25T08:21:09","date_gmt":"2010-03-25T07:21:09","guid":{"rendered":"http:\/\/37.251.99.59:5000\/?p=433"},"modified":"2010-03-25T08:21:09","modified_gmt":"2010-03-25T07:21:09","slug":"irac-quhapsioq-blera-zbog-srbije","status":"publish","type":"post","link":"https:\/\/srcekrajine.org\/?p=433","title":{"rendered":"Irac &#8222;uhapsio&#8220; Blera zbog Srbije"},"content":{"rendered":"<h5>Novinar Dejvid Kronin izvr\u0161io gra\u0111ansko  hap\u0161enje biv\u0161eg britanskog premijera u Briselu zbog njegove uloge u  ratnim zlo\u010dinima<\/h5>\n<p><img loading=\"lazy\" decoding=\"async\" src=\"http:\/\/www.glas-javnosti.rs\/\/files\/image_for_teaser\/25POL-DRUGI-bler.jpg\" border=\"0\" width=\"140\" height=\"140\" align=\"left\" \/><\/p>\n<p>\u00a0<\/p>\n<p>\u00a0<\/p>\n<p>\u00a0<\/p>\n<p>\u00a0<\/p>\n<p>\u00a0<\/p>\n<p>\u00a0<\/p>\n<p> <!--more--> <\/p>\n<p>BEOGRAD &#8211; Biv\u0161i britanski premijer Toni Bler i jedan od najagresivnijih  zagovornika bombardovanja Srbije 1999. &#8222;uhap\u0161en&#8220; je u ponedeljak po  podne u Evropskom parlamentu u Briselu!<br \/> Blera je, dodu\u0161e na samo nekoliko sekundi, uhapsio irski novinar Dejvid  Kronin (na slici), zbog njegove uloge u vojnim akcijama i zlo\u010dinima  po\u010dinjenim u Srbiji.<br \/> Kronin je poku\u0161ao da izvr\u0161i takozvano gra\u0111ansko hap\u0161enje Blera, koji je  sa poslanicima u Evropskom parlamentu trebalo da razgovara o radu  \u010detvorke za Bliski istok.<br \/> &#8211; Pri\u0161ao sam Bleru i stavio mu ruku na rame. Gledao me je pravo u o\u010di  kad sam mu saop\u0161tio: &#8222;Gospodine Bler ovo je gra\u0111ansko hap\u0161enje&#8220;. Onda me  je jedan od njegovih telohranitelja odgurnuo. Tada sam dobacio Bleru:  &#8222;Krivi ste za ratne zlo\u010dine!&#8220; &#8211; ka\u017ee Kronin i dodaje da se na ovaj korak  odlu\u010dio zbog uloge biv\u0161eg britanskog premijera u ratnim zlo\u010dinima  po\u010dinjenim u Iraku, Avganistanu, Palestini, Libanu i Srbiji.<br \/> &#8211; Bio je to apsolutno nenasilan poku\u0161aj hap\u0161enja. Nisam \u017eeleo da  povredim Blera &#8211; poru\u010duje novinar iz Dablina, koji je posle poku\u0161aja  hap\u0161enja jo\u0161 neko vreme ostao u zgradi Evropskog parlamenta.<br \/> &#8211; Odbio sam da prisustvujem Blerovom govoru. Do izlaza iz zgrade  dopratila su me tri radnika obezbe\u0111enja, a jedan od njih je tra\u017eio da mu  poka\u017eem novinarsku legitimaciju i zapisao moje ime &#8211; isti\u010de Kronin,  novinar agencije Inter pres servis i saradnik Gardijanovog internet  portala, Vol strit \u017eurnala i Sandej tribjuna.<br \/> R. K. <\/p>\n<p><img decoding=\"async\" src=\"http:\/\/www.b92.net\/news\/pics\/2010\/03\/6760374924ba9590e45ce1840860640_orig.jpg\" border=\"0\" \/>          <img decoding=\"async\" src=\"http:\/\/www.glas-javnosti.rs\/\/files\/imagecache\/teaser\/files\/image_for_teaser\/Thumb_Thumb_24DRUSTVO-GORNJI1-nato.jpg\" border=\"0\" \/>      <img decoding=\"async\" src=\"http:\/\/www.kosovoimetohija.org\/images\/clanci\/nato-bombardovanje.jpg\" border=\"0\" \/><br \/><img decoding=\"async\" src=\"http:\/\/www.blic.rs\/data\/images\/2010-03-23\/23725_bombardovanje-reuter-yannis-behrakis_f.jpg?ver=1269413645\" border=\"0\" \/>     <img decoding=\"async\" src=\"http:\/\/www.blic.rs\/data\/images\/2010-03-24\/24141_bgd45-generalstab-foto-stanko-djalic_f.jpg?ver=1269466185\" border=\"0\" \/> <\/p>\n","protected":false},"excerpt":{"rendered":"<p>Novinar Dejvid Kronin izvr\u0161io gra\u0111ansko hap\u0161enje biv\u0161eg britanskog premijera u Briselu zbog njegove uloge u ratnim zlo\u010dinima \u00a0 \u00a0 \u00a0 \u00a0 \u00a0 \u00a0<\/p>\n","protected":false},"author":1,"featured_media":0,"comment_status":"open","ping_status":"open","sticky":false,"template":"","format":"standard","meta":{"footnotes":""},"categories":[1],"tags":[],"_links":{"self":[{"href":"https:\/\/srcekrajine.org\/index.php?rest_route=\/wp\/v2\/posts\/433"}],"collection":[{"href":"https:\/\/srcekrajine.org\/index.php?rest_route=\/wp\/v2\/posts"}],"about":[{"href":"https:\/\/srcekrajine.org\/index.php?rest_route=\/wp\/v2\/types\/post"}],"author":[{"embeddable":true,"href":"https:\/\/srcekrajine.org\/index.php?rest_route=\/wp\/v2\/users\/1"}],"replies":[{"embeddable":true,"href":"https:\/\/srcekrajine.org\/index.php?rest_route=%2Fwp%2Fv2%2Fcomments&post=433"}],"version-history":[{"count":0,"href":"https:\/\/srcekrajine.org\/index.php?rest_route=\/wp\/v2\/posts\/433\/revisions"}],"wp:attachment":[{"href":"https:\/\/srcekrajine.org\/index.php?rest_route=%2Fwp%2Fv2%2Fmedia&parent=433"}],"wp:term":[{"taxonomy":"category","embeddable":true,"href":"https:\/\/srcekrajine.org\/index.php?rest_route=%2Fwp%2Fv2%2Fcategories&post=433"},{"taxonomy":"post_tag","embeddable":true,"href":"https:\/\/srcekrajine.org\/index.php?rest_route=%2Fwp%2Fv2%2Ftags&post=433"}],"curies":[{"name":"wp","href":"https:\/\/api.w.org\/{rel}","templated":true}]}}