{"id":434,"date":"2010-03-26T12:02:49","date_gmt":"2010-03-26T11:02:49","guid":{"rendered":"http:\/\/37.251.99.59:5000\/?p=434"},"modified":"2010-03-26T12:02:49","modified_gmt":"2010-03-26T11:02:49","slug":"kotunica-pozvao-na-odbacivanje-deklaracije","status":"publish","type":"post","link":"https:\/\/srcekrajine.org\/?p=434","title":{"rendered":"Ko\u0161tunica pozvao na odbacivanje deklaracije"},"content":{"rendered":"<div class=\"content\">\n<div class=\"field field-type-image field-field-image-for-teaser\" style=\"float: right\">\n<div class=\"field-item\"><img loading=\"lazy\" decoding=\"async\" src=\"http:\/\/www.glas-javnosti.rs\/\/files\/image_for_teaser\/26politikagornji3kostunica2.jpg\" border=\"0\" width=\"350\" height=\"270\" \/><\/div>\n<\/p><\/div>\n<p>BEOGRAD &#8211; Predsednik Demokratske stranke Srbije Vojislav Ko\u0161tunica  pozvao je opozicione stranke da ne glasaju za najavljenu deklaraciju o  zlo\u010dinu u Srebrenici.<\/p>\n<p> <!--more-->  <\/p>\n<p>&#8211; Pitanje ratnih zlo\u010dina nije samo politi\u010dko i pravno nego u osnovi  moralno pitanje, a istina je da je upravo srpski narod bio najve\u0107a \u017ertva  ratnih zlo\u010dina u pro\u0161lom veku. Na\u0161a je obaveza zbog toga da osudimo sve  zlo\u010dine i ne delimo nevine \u017ertve, kao i da ne u\u010destvujemo u  krivotvorenju istorije &#8211; navodi Ko\u0161tunica.<\/p>\n<p>Ko\u0161tunica je izrazio o\u010dekivanje da &#8222;opozicione stranke koje isti\u010du da  im je stalo do nacionalnih interesa ne\u0107e glasati za deklaraciju o  Srebrenici, kojom se razdvajaju nevine \u017ertve po nacionalnoj osnovi&#8220;.<\/p>\n<p>&#8211; Zato pozivamo opozicione stranke da odbace ovakvu deklaraciju i ne  pru\u017ee legitimitet vlastima. Ako vlast ho\u0107e po svaku cenu i protivno  nacionalnim interesima da usvoji deklaraciju o Srebrenici, onda je va\u017eno  da bude potpuno jasno da je to deklaracija iza koje stoji samo vlast &#8211;  naveo je Ko\u0161tunica.<\/p>\n<p>U predlogu deklaracije o Srebrenici koji su usaglasile stranke  vladaju\u0107e ve\u0107ine navodi se da Skup\u0161tina Srbije najo\u0161trije osu\u0111uje zlo\u010din  nad bo\u0161nja\u010dkim stanovni\u0161tvom Srebrenice u julu 1995. godine, na na\u010din  utvr\u0111en presudom Me\u0111unarodnog suda pravde.<\/p>\n<\/p><\/div>\n","protected":false},"excerpt":{"rendered":"<p>BEOGRAD &#8211; Predsednik Demokratske stranke Srbije Vojislav Ko\u0161tunica pozvao je opozicione stranke da ne glasaju za najavljenu deklaraciju o zlo\u010dinu u Srebrenici.<\/p>\n","protected":false},"author":1,"featured_media":0,"comment_status":"open","ping_status":"open","sticky":false,"template":"","format":"standard","meta":{"footnotes":""},"categories":[1],"tags":[],"_links":{"self":[{"href":"https:\/\/srcekrajine.org\/index.php?rest_route=\/wp\/v2\/posts\/434"}],"collection":[{"href":"https:\/\/srcekrajine.org\/index.php?rest_route=\/wp\/v2\/posts"}],"about":[{"href":"https:\/\/srcekrajine.org\/index.php?rest_route=\/wp\/v2\/types\/post"}],"author":[{"embeddable":true,"href":"https:\/\/srcekrajine.org\/index.php?rest_route=\/wp\/v2\/users\/1"}],"replies":[{"embeddable":true,"href":"https:\/\/srcekrajine.org\/index.php?rest_route=%2Fwp%2Fv2%2Fcomments&post=434"}],"version-history":[{"count":0,"href":"https:\/\/srcekrajine.org\/index.php?rest_route=\/wp\/v2\/posts\/434\/revisions"}],"wp:attachment":[{"href":"https:\/\/srcekrajine.org\/index.php?rest_route=%2Fwp%2Fv2%2Fmedia&parent=434"}],"wp:term":[{"taxonomy":"category","embeddable":true,"href":"https:\/\/srcekrajine.org\/index.php?rest_route=%2Fwp%2Fv2%2Fcategories&post=434"},{"taxonomy":"post_tag","embeddable":true,"href":"https:\/\/srcekrajine.org\/index.php?rest_route=%2Fwp%2Fv2%2Ftags&post=434"}],"curies":[{"name":"wp","href":"https:\/\/api.w.org\/{rel}","templated":true}]}}