{"id":439,"date":"2010-04-01T07:03:12","date_gmt":"2010-04-01T05:03:12","guid":{"rendered":"http:\/\/37.251.99.59:5000\/?p=439"},"modified":"2010-04-01T07:03:12","modified_gmt":"2010-04-01T05:03:12","slug":"ne-znamo-gde-je-kapetan-dragan","status":"publish","type":"post","link":"https:\/\/srcekrajine.org\/?p=439","title":{"rendered":"Ne znamo gde je kapetan Dragan"},"content":{"rendered":"<p id=\"article_lead\"><strong>Advokati Dragana Vasiljkovi\u0107a ne uspevaju  da stupe u kontakt sa njim otkako je  Vi\u0161i sud naredio da bude isporu\u010den  u Hrvatsku kako bi se suo\u010dio sa optu\u017ebama za ratne zlo\u010dine po\u010dinjene  tokom devedesetih godina, pi\u0161u beogradski mediji.<\/strong><\/p>\n<p>Jedan od Vasiljkovi\u0107evih pravnih savetnika i prijatelja, Ilija  Gli\u0161i\u0107 rekao je za B92 da ne mo\u017ee da zaklju\u010di da li je Vasiljkovi\u0107, koga  hrvatska tra\u017ei zbog ratnih zlo\u010dina, zaista pobegao. <\/p>\n<p>\u00a0<\/p>\n<p>\u00a0<\/p>\n<div class=\"img_full\"><img loading=\"lazy\" decoding=\"async\" src=\"http:\/\/www.vesti-online.com\/data\/images\/2010-03-29\/48183_dragan_f.jpg?ver=1270075842\" border=\"0\" width=\"480\" height=\"290\" \/> <\/p>\n<div class=\"potpis\" style=\"width: 480px; text-align: center\">Posle  su\u0111enja, niko ne zna gde je kapetan Dragan<\/div>\n<p> \u00a0 <!--more--> <\/div>\n<p>&#8222;Trenutno ne znamo da li je u bekstvu ili je hteo da malo pribere  svoje misli, da vidi kako \u0107e da pristupi ovoj odlici. Mi to stvarno ne  znamo i ja ne bih hteo da spekuli\u0161em o tome\u201d, ka\u017ee Gli\u0161i\u0107. <\/p>\n<p>\u00a0<\/p>\n<p>Advokat Gli\u0161i\u0107 ka\u017ee da se sa Vasiljkovi\u0107em poslednji put  telefonom \u010duo pre odluke Vrhovnog suda i da mu od tada ne polazi za  rukom da do\u0111e do njega.<\/p>\n<p>&#8222;Poku\u0161ao sam da stupim u kontakt s njim, me\u0111utim, kada sam  razgovarao sa jednom gospo\u0111om koja je bila s njim na su\u0111enju, rekla mi  je da je on izgleda ostavio svoj telefon u Kanberi i da ni ona nije  mogla da stupu u kontakt sa Vasiljkovi\u0107em&#8220; ka\u017ee on.  <\/p>\n<p>&#8222;Ona je u stvari bila veza na\u0161a sa Draganom ukoliko ne bi mogli  da dobijemo. Dakle, on se nije \u010duo od tada ni sa jednom osobom sa kojom  ja imam dodira&#8220;, rekao je on.  <\/p>\n<p>\u00a0Australijska savezna policija ozbiljno sumnja da je kapetan  Dragan u bekstvu i ula\u017ee sve napore da poku\u0161a da ga locira.   <\/p>\n<p>\u00a0Hrvatski ministar pravde Ivan \u0160imonovi\u0107 rekao je za B92 da je  Hrvatska upozorila vlasti Australije na mogu\u0107nost da Vasiljkovi\u0107  pobegne, jer ima dvojno dr\u017eavljanstvo, i srpsko i australijsko, pa samim  tim i dva paso\u0161a.  <\/p>\n<p>\u0160imonovi\u0107 je jo\u0161 jednom ponovio tvrdnju da bi Vasiljkovi\u0107 u  Hrvatskoj imao fer su\u0111enje, \u0161to je svojom najnovijom odlukom potvrdio i  australijski Vrhovni sud.   \t   \t  <\/p>\n","protected":false},"excerpt":{"rendered":"<p>Advokati Dragana Vasiljkovi\u0107a ne uspevaju da stupe u kontakt sa njim otkako je Vi\u0161i sud naredio da bude isporu\u010den u Hrvatsku kako bi se suo\u010dio sa optu\u017ebama za ratne zlo\u010dine po\u010dinjene tokom devedesetih godina, pi\u0161u beogradski mediji. Jedan od Vasiljkovi\u0107evih pravnih savetnika i prijatelja, Ilija Gli\u0161i\u0107 rekao je za B92 da ne mo\u017ee da zaklju\u010di [&hellip;]<\/p>\n","protected":false},"author":1,"featured_media":0,"comment_status":"open","ping_status":"open","sticky":false,"template":"","format":"standard","meta":{"footnotes":""},"categories":[1],"tags":[],"_links":{"self":[{"href":"https:\/\/srcekrajine.org\/index.php?rest_route=\/wp\/v2\/posts\/439"}],"collection":[{"href":"https:\/\/srcekrajine.org\/index.php?rest_route=\/wp\/v2\/posts"}],"about":[{"href":"https:\/\/srcekrajine.org\/index.php?rest_route=\/wp\/v2\/types\/post"}],"author":[{"embeddable":true,"href":"https:\/\/srcekrajine.org\/index.php?rest_route=\/wp\/v2\/users\/1"}],"replies":[{"embeddable":true,"href":"https:\/\/srcekrajine.org\/index.php?rest_route=%2Fwp%2Fv2%2Fcomments&post=439"}],"version-history":[{"count":0,"href":"https:\/\/srcekrajine.org\/index.php?rest_route=\/wp\/v2\/posts\/439\/revisions"}],"wp:attachment":[{"href":"https:\/\/srcekrajine.org\/index.php?rest_route=%2Fwp%2Fv2%2Fmedia&parent=439"}],"wp:term":[{"taxonomy":"category","embeddable":true,"href":"https:\/\/srcekrajine.org\/index.php?rest_route=%2Fwp%2Fv2%2Fcategories&post=439"},{"taxonomy":"post_tag","embeddable":true,"href":"https:\/\/srcekrajine.org\/index.php?rest_route=%2Fwp%2Fv2%2Ftags&post=439"}],"curies":[{"name":"wp","href":"https:\/\/api.w.org\/{rel}","templated":true}]}}