{"id":440,"date":"2010-04-01T07:13:28","date_gmt":"2010-04-01T05:13:28","guid":{"rendered":"http:\/\/37.251.99.59:5000\/?p=440"},"modified":"2010-04-01T07:13:28","modified_gmt":"2010-04-01T05:13:28","slug":"kapetan-dragan-umakao-australijancima","status":"publish","type":"post","link":"https:\/\/srcekrajine.org\/?p=440","title":{"rendered":"Kapetan Dragan umakao Australijancima?"},"content":{"rendered":"<p id=\"article_lead\">\u00a0Vestionline &#8211;  \t\t\t   \t\t\t  \t    \t \t\t \t\t\t<span>31. 03. 2010<\/span><\/p>\n<p id=\"article_lead\"><strong>Australijske vlasti poku\u0161avaju da prona\u0111u  Dragana Vasiljkovi\u0107a, koji je poznatiji kao kapetan Dragan, dan nakon  \u0161to je Vi\u0161i sud naredio da bude isporu\u010den u Hrvatsku kako bi se suo\u010dio  sa optu\u017ebama za ratne zlo\u010dine po\u010dinjene tokom devedesetih godina, javili  su australijski mediji.<\/strong><\/p>\n<div class=\"img_right\"><img loading=\"lazy\" decoding=\"async\" src=\"http:\/\/www.vesti-online.com\/data\/images\/2010-03-29\/48183_dragan_if.jpg?ver=1270026575\" border=\"0\" width=\"240\" height=\"360\" \/> <\/p>\n<div class=\"potpis\" style=\"width: 240px; text-align: center\">Dragan  Vasiljkovi\u0107, odnosno Danijel Sneden, poznat kao Kapetan Dragan<\/div>\n<\/p><\/div>\n<p>  <!--more--> <\/p>\n<p>Iz kancelarije saveznog dr\u017eavnog tu\u017eioca, koje je zadu\u017eeno za  deportaciju, potvr\u0111eno je da kapetan Dragan ili Danijel Sneden (55) jo\u0161  nije uhap\u0161en. <\/p>\n<p>\u00a0<\/p>\n<p>\u00a0<\/p>\n<p>&#8222;Australijska federalna policija (AFP) i dalje poku\u0161ava da locira  Snedena&#8220;, isti\u010de se u saop\u0161tenju.  <\/p>\n<p>\u00a0<\/p>\n<p>\u00a0<\/p>\n<p>Sneden je tokom proteklog meseca predao paso\u0161 po nalogu Vi\u0161eg  suda. Vasiljkovi\u0107u je, tako\u0111e, nare\u0111eno da ne odlazi u inostranstvo i da  obavesti AFP o bilo kojoj promeni adrese do 30. marta kada je i  objavljena odluka Vi\u0161eg suda.  <\/p>\n<p>\u00a0<\/p>\n<p>Vasiljkovi\u0107 je \u017eiveo u Pertu i radio kao instruktor golfa, kada  su ga u januaru 2006. godine uhapsili pripadnici AFP na osnovu zahteva  za izru\u010denje iz Hrvatske.  <\/p>\n<p>\u00a0<\/p>\n<table border=\"0\" cellspacing=\"0\" cellpadding=\"0\" width=\"480\" class=\"antre_c back_c_1\" align=\"middle\">\n<tbody>\n<tr>\n<td>\n<h3>U Australiji od 14. godine<\/h3>\n<p>Sneden je u Australiju emigrirao kada je imao 14 godina i  slu\u017eio je u australijskim rezervnim snagama. Po\u010detkom devedesetih  godina vratio se u biv\u0161u SFRJ, kako bi se u Krajini borio na srpskoj  strani.              <\/p>\n<p>Kapetan Dragan je kao komandant dobrovolja\u010dkih  jedinica u Hrvatskoj optu\u017een za ratne zlo\u010dine po\u010dinjene nad zarobljenim  pripadnicima Hrvatske vojske i Hrvatske policije u Kninu, u leto 1991.  godine, i u selu Bru\u0161ka kod Benkovca u Dalmaciji u februaru 1993.  godine. Vasiljkovi\u0107 negira sve optu\u017ebe.              <\/p>\n<\/td>\n<\/tr>\n<\/tbody>\n<\/table>\n<p>\u00a0<\/p>\n<p>Proveo je tri godine u zatvoru &#8222;Parkli&#8220; u Sidneju, ali je  oslobo\u0111en u septembru 2009. godine, po\u0161to mu je Federalni sud odobrio  izlazak na slobodu kako bi se \u017ealio na odluku ni\u017eeg suda da bude izru\u010den  Hrvatskoj.  <\/p>\n<p>\u00a0<\/p>\n<p>Australijski ministar za unutra\u0161nja pitanja Brendan O`Konor sada  treba da donese odluku o na\u010dinu i vremenu kada \u0107e Vasiljkovi\u0107 biti  isporu\u010den u Hrvatsku.<\/p>\n","protected":false},"excerpt":{"rendered":"<p>\u00a0Vestionline &#8211; 31. 03. 2010 Australijske vlasti poku\u0161avaju da prona\u0111u Dragana Vasiljkovi\u0107a, koji je poznatiji kao kapetan Dragan, dan nakon \u0161to je Vi\u0161i sud naredio da bude isporu\u010den u Hrvatsku kako bi se suo\u010dio sa optu\u017ebama za ratne zlo\u010dine po\u010dinjene tokom devedesetih godina, javili su australijski mediji. Dragan Vasiljkovi\u0107, odnosno Danijel Sneden, poznat kao Kapetan [&hellip;]<\/p>\n","protected":false},"author":1,"featured_media":0,"comment_status":"open","ping_status":"open","sticky":false,"template":"","format":"standard","meta":{"footnotes":""},"categories":[1],"tags":[],"_links":{"self":[{"href":"https:\/\/srcekrajine.org\/index.php?rest_route=\/wp\/v2\/posts\/440"}],"collection":[{"href":"https:\/\/srcekrajine.org\/index.php?rest_route=\/wp\/v2\/posts"}],"about":[{"href":"https:\/\/srcekrajine.org\/index.php?rest_route=\/wp\/v2\/types\/post"}],"author":[{"embeddable":true,"href":"https:\/\/srcekrajine.org\/index.php?rest_route=\/wp\/v2\/users\/1"}],"replies":[{"embeddable":true,"href":"https:\/\/srcekrajine.org\/index.php?rest_route=%2Fwp%2Fv2%2Fcomments&post=440"}],"version-history":[{"count":0,"href":"https:\/\/srcekrajine.org\/index.php?rest_route=\/wp\/v2\/posts\/440\/revisions"}],"wp:attachment":[{"href":"https:\/\/srcekrajine.org\/index.php?rest_route=%2Fwp%2Fv2%2Fmedia&parent=440"}],"wp:term":[{"taxonomy":"category","embeddable":true,"href":"https:\/\/srcekrajine.org\/index.php?rest_route=%2Fwp%2Fv2%2Fcategories&post=440"},{"taxonomy":"post_tag","embeddable":true,"href":"https:\/\/srcekrajine.org\/index.php?rest_route=%2Fwp%2Fv2%2Ftags&post=440"}],"curies":[{"name":"wp","href":"https:\/\/api.w.org\/{rel}","templated":true}]}}