{"id":4435,"date":"2015-03-22T09:18:40","date_gmt":"2015-03-22T08:18:40","guid":{"rendered":"https:\/\/srcekrajine.org\/?p=4435"},"modified":"2015-03-22T09:18:40","modified_gmt":"2015-03-22T08:18:40","slug":"hadzic-zatrazio-oporavak-u-srbiji","status":"publish","type":"post","link":"https:\/\/srcekrajine.org\/?p=4435","title":{"rendered":"Had\u017ei\u0107 zatra\u017eio oporavak u Srbiji"},"content":{"rendered":"<p><span class=\"author\">V. C. S.<\/span> | 22. mart 2015. 09:15<\/p>\n<div class=\"gallery\">\n<div class=\"imgb\"><a class=\"verticalArticleImage cboxElement\" href=\"http:\/\/www.novosti.rs\/upload\/images\/2015\/\/03\/21\/dos-hadzic.jpg\"> <img decoding=\"async\" src=\"http:\/\/www.novosti.rs\/upload\/thumbs\/images\/2015\/\/03\/21\/dos-hadzic_620x0.jpg\" alt=\" \" \/> <\/a><\/div>\n<div class=\"imgb\">\n<p>DA li \u0107e se ha\u0161ki optu\u017eenik Goran Had\u017ei\u0107 uskoro na\u0107i na privremenoj slobodi u Srbiji zna\u0107e se vrlo brzo, mo\u017eda ve\u0107 do slede\u0107eg petka ili, eventualno, onog tamo ponedeljka. Sutra isti\u010de rok koji je sudsko ve\u0107e dalo Tu\u017eila\u0161tvu da se izjasni o \u017ealbi Had\u017ei\u0107eve odbrane. Oni su se \u017ealili na prvostepenu odbijaju\u0107u odluku ve\u0107a da biv\u0161i predsednik RSK bude privremeno poslat u Srbiju.<\/p>\n<div class=\"inlineBanner\"><\/div>\n<\/div>\n<\/div>\n<p><!--more--><\/p>\n<p>Posle toga, drugostepeno ve\u0107e na \u010delu sa sudijom Teodorom Meronom, predsednikom Tribunala, re\u0107i \u0107e kona\u010dnu re\u010d.<\/p>\n<p>Sudsko ve\u0107e donelo je 13. marta odluku kojom je odbilo Had\u017ei\u0107ev zahtev za privremenim pu\u0161tanjem iz zdravstvenih razloga, navev\u0161i da u Hagu ima svu potrebnu i adekvatnu zdravstvenu negu i da je pod stalnim lekarskim nadzorom.<\/p>\n<p>&#8211; U \u017ealbi na tu odluku naveli smo da ne tra\u017eimo pu\u0161tanje zbog samog le\u010denja, ve\u0107 radi oporavka od posledica le\u010denja hemoterapijom &#8211; ka\u017ee za &#8222;Novosti&#8220; Had\u017ei\u0107ev branilac Zoran \u017divanovi\u0107. &#8211; Ova vrsta terapije uvek ima nuspojave, kao \u0161to su umor, gubitak apetita i snage, mr\u0161avljenje&#8230; I strani lekari, eksperti, koji su ga pregledali, slo\u017eili su se da bi mu boravak kod ku\u0107e prijao radi oporavka. Goran Had\u017ei\u0107 bi, u slu\u010daju da Ve\u0107e odlu\u010di da bude privremeno pu\u0161ten, svakako morao da se vrati do maja, kada mu po\u010dinje radio-terapija.<\/p>\n<p>Biv\u0161i predsednik RSK je posle hemoterapije dosta iscrpljen, smr\u0161ao, mnogo spava i sasvim je jasno da u takvom stanju ne mo\u017ee kvalitetno da se brani. Da li \u0107e kod dono\u0161enja odluke prevagnuti ovi humanitarni razlozi, pored Teodora Merona, odlu\u010di\u0107e i \u010dlanovi ve\u0107a koji su do sada sudili u Me\u0111unarodnom sudu za Ruandu.<\/p>\n","protected":false},"excerpt":{"rendered":"<p>V. C. S. | 22. mart 2015. 09:15 DA li \u0107e se ha\u0161ki optu\u017eenik Goran Had\u017ei\u0107 uskoro na\u0107i na privremenoj slobodi u Srbiji zna\u0107e se vrlo brzo, mo\u017eda ve\u0107 do slede\u0107eg petka ili, eventualno, onog tamo ponedeljka. Sutra isti\u010de rok koji je sudsko ve\u0107e dalo Tu\u017eila\u0161tvu da se izjasni o \u017ealbi Had\u017ei\u0107eve odbrane. Oni su [&hellip;]<\/p>\n","protected":false},"author":2,"featured_media":0,"comment_status":"open","ping_status":"open","sticky":false,"template":"","format":"standard","meta":{"footnotes":""},"categories":[1],"tags":[],"_links":{"self":[{"href":"https:\/\/srcekrajine.org\/index.php?rest_route=\/wp\/v2\/posts\/4435"}],"collection":[{"href":"https:\/\/srcekrajine.org\/index.php?rest_route=\/wp\/v2\/posts"}],"about":[{"href":"https:\/\/srcekrajine.org\/index.php?rest_route=\/wp\/v2\/types\/post"}],"author":[{"embeddable":true,"href":"https:\/\/srcekrajine.org\/index.php?rest_route=\/wp\/v2\/users\/2"}],"replies":[{"embeddable":true,"href":"https:\/\/srcekrajine.org\/index.php?rest_route=%2Fwp%2Fv2%2Fcomments&post=4435"}],"version-history":[{"count":1,"href":"https:\/\/srcekrajine.org\/index.php?rest_route=\/wp\/v2\/posts\/4435\/revisions"}],"predecessor-version":[{"id":4436,"href":"https:\/\/srcekrajine.org\/index.php?rest_route=\/wp\/v2\/posts\/4435\/revisions\/4436"}],"wp:attachment":[{"href":"https:\/\/srcekrajine.org\/index.php?rest_route=%2Fwp%2Fv2%2Fmedia&parent=4435"}],"wp:term":[{"taxonomy":"category","embeddable":true,"href":"https:\/\/srcekrajine.org\/index.php?rest_route=%2Fwp%2Fv2%2Fcategories&post=4435"},{"taxonomy":"post_tag","embeddable":true,"href":"https:\/\/srcekrajine.org\/index.php?rest_route=%2Fwp%2Fv2%2Ftags&post=4435"}],"curies":[{"name":"wp","href":"https:\/\/api.w.org\/{rel}","templated":true}]}}