{"id":446,"date":"2010-04-07T05:25:26","date_gmt":"2010-04-07T03:25:26","guid":{"rendered":"http:\/\/37.251.99.59:5000\/?p=446"},"modified":"2010-04-07T05:25:26","modified_gmt":"2010-04-07T03:25:26","slug":"bosni-puten-hrvatska-priznala-greku","status":"publish","type":"post","link":"https:\/\/srcekrajine.org\/?p=446","title":{"rendered":"Bosni\u0107 pu\u0161ten, Hrvatska priznala gre\u0161ku"},"content":{"rendered":"<p class=\"lead\"><strong>Hrvatska, koja je tra\u017eila izru\u010dene zbog ratnih  zlo\u010dina kod Slunja, priznala da je gre\u0161kom zamenila identitet  Vukovar\u010danina sa \u010delnikom SAO Krajine koji \u017eivi u Srbiji <\/strong><\/p>\n<div class=\"caption\"> \t\t\t\t\t\t\t\t<img decoding=\"async\" src=\"http:\/\/www.mondo.rs\/slike\/vesti\/001\/657\/v165799p0.jpg\" border=\"0\" \/><\/div>\n<div class=\"caption\">Isterao gre\u0161ku na \u010distac: Savo \u0160trbac (Foto: RTV  Vojvodina) \t\t\t\t\t\t\t\t\t\t\t\t\t\t\t\t<\/div>\n<div class=\"caption\" \/> <!--more--> \u00a0<\/div>\n<p> \t\t\t\t\t\t\t\t\t\t\t\t\t\t\tSrpski izbeglica Mile Bosni\u0107 pu\u0161ten je u utorak iz  ekstradicionog pritvora u Londonu, po\u0161to su vlasti u Zagrebu priznale da  su po\u010dinile gre\u0161ku u identitetu kada su za njim raspisale me\u0111unarodnu  poternicu, zbog navodnog zlo\u010dina protiv civilnog stanovni\u0161tva po\u010dinjenog  na podru\u010dju op\u0161tine Slunj, izjavio je predsednik Dokumentaciono  informacionog centra &#8222;Veritas&#8220; Savo \u0160trbac.<\/p>\n<p> Sud u Vestminsteru obustavio je ekstradicioni postupak protiv Bosni\u0107a  nakon \u0161to su hrvatske vlasti obavestile nadle\u017eno tu\u017eila\u0161tvo da povla\u010de  zahtev za njegovo izru\u010denje. Bosni\u0107 je iza\u0161ao iz pritvora popodne, a  ispred zatvora su ga docekale k\u0107erka i supruga, rekao je \u0160trbac, koji je  prvi obavestio doma\u0107u i stranu javnost da se u ovom slu\u010daju radi o  zameni identiteta.<\/p>\n<p> \u0160trbac je naveo da ga je Bosni\u0107ev advokat D\u017eulijan D. Atli obavestio da  su informacije iz Srbije odmah privukle pa\u017enju britanskog tu\u017eila\u0161tva i  uticale na to da ekstradicioni postupak bude ubrzan i njegov klijent  oslobodjen posle 10 dana pritvora.<\/p>\n<p> Prema re\u010dima Atlija, mada je Uskr\u0161nji ponedeljak bio neradni dan, ju\u010de  ga je slu\u017ebenik tu\u017eila\u0161tva obavestio da je stigao dopis vlasti u Zagrebu  da odustaju od zahteva za ekstradiciju, kao i da je u hrvatskoj  ambasadi potvr\u0111eno da je u pitanju gre\u0161ka u identitetu.<\/p>\n<p> Mile Bosni\u0107 (55), sin Milivoja, rodom iz Vukovara, uhap\u0161en je 25. marta  uve\u010de u svom stanu u Glo\u010desteru, stotinak kilometara od Londona, u kome  \u017eivi sa suprugom, dvoje odrasle dece i troje unu\u010dadi, a prvo ro\u010di\u0161te u ekstradicionom postupku <a class=\"text-link\" href=\"http:\/\/www.mondo.rs\/s165402\/ex-YU\/Mile_Bosnic_u_ekstradicionom_pritvoru.html\" target=\"_blank\"><\/a> bilo je  zakazano za 29. april.<\/p>\n<p> Hrvatska je Bosni\u0107a teretila da je za vreme rata, po\u010detkom 90-ih godina,  na podru\u010dju op\u0161tine Slunj, kao visoki funkcioner SDS-a i SAO Krajine  po\u010dinio zlo\u010din protiv hrvatskih civila jer je, navodno, naredio  ubijanje, protivpravno pritvaranje i proterivanje, te oduzimanje i  uni\u0161tavanje njihove imovine, a &#8222;sve u cilju stvaranja Velike Srbije&#8220;.<\/p>\n<p> Iz &#8222;Veritasa&#8220; su odmah saop\u0161tili da  se krivi\u010dni postupak protiv osobe sa imenom Mile Bosni\u0107 vodi pred  \u017dupanijskim sudom u Karlovcu od 20. juna 2003. godine, ali ni prema  fotografiji, ni li\u010dnim podacima, to nije osoba za kojom je raspisana  medjunarodna poternica.<\/p>\n<p> Mile Bosni\u0107 iz Vukovara nikada nije boravio niti ratovao na podru\u010dju  Slunja, a u Englesku je s porodicom oti\u0161ao 1999. sa hrvatskim paso\u0161em, i  odmah zatra\u017eio azil, dok je osoba sa istim imenom i prezimenom i imenom  oca sa podru\u010dja Slunja, biv\u0161i funkcioner SDS-a i SAO Krajine koji danas  \u017eivi u Srbiji.<\/p>\n<p> Podsetiv\u0161i da je prilikom hap\u0161enja Srba dosad bilo 17 slu\u010dajeva gre\u0161ke u  identitetu, \u0160trbac je izrazio nadu da \u0107e porodica Bosni\u0107 kona\u010dno dobiti  azil u Velikoj Britaniji na koji \u010deka ve\u0107 11 godina.<\/p>\n<p> Predsednik &#8222;Veritasa&#8220; je ukazao da se iza ovakvih hap\u0161enja kriju stra\u0161ne  porodi\u010dne drame o kojima niko ne vodi ra\u010duna. Tako je i porodica Bosni\u0107  pro\u017eivela pakao nakon \u0161to su lokalna televizija i \u0161tampa objavile  natpis &#8222;Masovni ubica je me\u0111u nama&#8220; i napale je da 11 godina \u017eivi na  ra\u010dun britanske vlade, rekao je \u0160trbac.<\/p>\n<p> On je ispri\u010dao da su novinari ovih dana opsedali ku\u0107u porodice Bosni\u0107,  dok njeni \u010dlanovi, uklju\u010duju\u0107i i zeta koji je Englez, nisu mogli da se  pojave na poslu, u \u0161koli, me\u0111u prijateljima&#8230; K\u0107erki koja je dojila  osmomese\u010dnu bebu, posle hap\u0161enja oca, presahlo je mleko, a majci koja u  poodmaklim godinama \u017eivi u Vukovaru tajili su istinu, pla\u0161e\u0107i se da ne\u0107e  pre\u017eiveti, naveo je \u0160trbac.<\/p>\n<p> Zbog svega \u0161to su pretrpeli, Bosni\u0107 i njegova porodica ne bi smeli  ostati bez pravi\u010dne naknade, s tim \u0161to bi Britanci ra\u010dun za gre\u0161ku  trebalo da ispostave hrvatskoj dr\u017eavi, zaklju\u010dio je \u0160trbac.<\/p>\n<p> (Tanjug\/MONDO)<\/p>\n","protected":false},"excerpt":{"rendered":"<p>Hrvatska, koja je tra\u017eila izru\u010dene zbog ratnih zlo\u010dina kod Slunja, priznala da je gre\u0161kom zamenila identitet Vukovar\u010danina sa \u010delnikom SAO Krajine koji \u017eivi u Srbiji Isterao gre\u0161ku na \u010distac: Savo \u0160trbac (Foto: RTV Vojvodina)<\/p>\n","protected":false},"author":1,"featured_media":0,"comment_status":"open","ping_status":"open","sticky":false,"template":"","format":"standard","meta":{"footnotes":""},"categories":[1],"tags":[],"_links":{"self":[{"href":"https:\/\/srcekrajine.org\/index.php?rest_route=\/wp\/v2\/posts\/446"}],"collection":[{"href":"https:\/\/srcekrajine.org\/index.php?rest_route=\/wp\/v2\/posts"}],"about":[{"href":"https:\/\/srcekrajine.org\/index.php?rest_route=\/wp\/v2\/types\/post"}],"author":[{"embeddable":true,"href":"https:\/\/srcekrajine.org\/index.php?rest_route=\/wp\/v2\/users\/1"}],"replies":[{"embeddable":true,"href":"https:\/\/srcekrajine.org\/index.php?rest_route=%2Fwp%2Fv2%2Fcomments&post=446"}],"version-history":[{"count":0,"href":"https:\/\/srcekrajine.org\/index.php?rest_route=\/wp\/v2\/posts\/446\/revisions"}],"wp:attachment":[{"href":"https:\/\/srcekrajine.org\/index.php?rest_route=%2Fwp%2Fv2%2Fmedia&parent=446"}],"wp:term":[{"taxonomy":"category","embeddable":true,"href":"https:\/\/srcekrajine.org\/index.php?rest_route=%2Fwp%2Fv2%2Fcategories&post=446"},{"taxonomy":"post_tag","embeddable":true,"href":"https:\/\/srcekrajine.org\/index.php?rest_route=%2Fwp%2Fv2%2Ftags&post=446"}],"curies":[{"name":"wp","href":"https:\/\/api.w.org\/{rel}","templated":true}]}}