{"id":4463,"date":"2015-03-23T10:02:44","date_gmt":"2015-03-23T09:02:44","guid":{"rendered":"https:\/\/srcekrajine.org\/2015\/03\/23\/verovali-ili-ne-ova-zastava-je-putovala-od-kragujevca-do-kilimandzara\/"},"modified":"2015-03-23T10:02:44","modified_gmt":"2015-03-23T09:02:44","slug":"verovali-ili-ne-ova-zastava-je-putovala-od-kragujevca-do-kilimandzara","status":"publish","type":"post","link":"https:\/\/srcekrajine.org\/?p=4463","title":{"rendered":"Verovali ili ne: Ova &#8222;zastava&#8220; je putovala od Kragujevca do Kilimand\u017eara"},"content":{"rendered":"<div class=\"ftpimagefix\" style=\"float:left\"><a class=\"colorbox\" href=\"http:\/\/vesti-online.com\/Slobodno-Vreme\/Auto-moto\/480170\/Verovali-ili-ne-Ova-zastava-je-putovala-od-Kragujevca-do-Kilimandzara\"><img decoding=\"async\" width=\"150\" src=\"http:\/\/vesti-online.com\/data\/images\/2015-03-22\/493688_zastava12-tanjug_kf.jpg\"><\/a><\/div>\n<p>Pre 40 godina pet novih, crvenih &#8222;zastava&#8220; &#8211; \u010detiri bez zadnjeg sedi\u0161ta i jedna u punom fabri\u010dkom sjaju, sa nadimkom &#8222;salonac&#8220;, krenulo je iz Kragujevca na put dug 11.000 kilometara do Kilimand\u017eara. <a href=\"http:\/\/vesti-online.com\/Slobodno-Vreme\/Auto-moto\/480170\/Verovali-ili-ne-Ova-zastava-je-putovala-od-Kragujevca-do-Kilimandzara\" class=\"colorbox\" id=\"rssmi_more\">[&#8230;]<\/a><\/p>\n","protected":false},"excerpt":{"rendered":"<p>Pre 40 godina pet novih, crvenih &#8222;zastava&#8220; &#8211; \u010detiri bez zadnjeg sedi\u0161ta i jedna u punom fabri\u010dkom sjaju, sa nadimkom &#8222;salonac&#8220;, krenulo je iz Kragujevca na put dug 11.000 kilometara do Kilimand\u017eara. [&#8230;]<\/p>\n","protected":false},"author":2,"featured_media":4464,"comment_status":"open","ping_status":"open","sticky":false,"template":"","format":"standard","meta":{"footnotes":""},"categories":[20],"tags":[],"_links":{"self":[{"href":"https:\/\/srcekrajine.org\/index.php?rest_route=\/wp\/v2\/posts\/4463"}],"collection":[{"href":"https:\/\/srcekrajine.org\/index.php?rest_route=\/wp\/v2\/posts"}],"about":[{"href":"https:\/\/srcekrajine.org\/index.php?rest_route=\/wp\/v2\/types\/post"}],"author":[{"embeddable":true,"href":"https:\/\/srcekrajine.org\/index.php?rest_route=\/wp\/v2\/users\/2"}],"replies":[{"embeddable":true,"href":"https:\/\/srcekrajine.org\/index.php?rest_route=%2Fwp%2Fv2%2Fcomments&post=4463"}],"version-history":[{"count":0,"href":"https:\/\/srcekrajine.org\/index.php?rest_route=\/wp\/v2\/posts\/4463\/revisions"}],"wp:featuredmedia":[{"embeddable":true,"href":"https:\/\/srcekrajine.org\/index.php?rest_route=\/wp\/v2\/media\/4464"}],"wp:attachment":[{"href":"https:\/\/srcekrajine.org\/index.php?rest_route=%2Fwp%2Fv2%2Fmedia&parent=4463"}],"wp:term":[{"taxonomy":"category","embeddable":true,"href":"https:\/\/srcekrajine.org\/index.php?rest_route=%2Fwp%2Fv2%2Fcategories&post=4463"},{"taxonomy":"post_tag","embeddable":true,"href":"https:\/\/srcekrajine.org\/index.php?rest_route=%2Fwp%2Fv2%2Ftags&post=4463"}],"curies":[{"name":"wp","href":"https:\/\/api.w.org\/{rel}","templated":true}]}}