{"id":447,"date":"2010-04-08T07:03:23","date_gmt":"2010-04-08T05:03:23","guid":{"rendered":"http:\/\/37.251.99.59:5000\/?p=447"},"modified":"2010-04-08T07:03:23","modified_gmt":"2010-04-08T05:03:23","slug":"eu-ve-podelila-kosovo-kao-kipar","status":"publish","type":"post","link":"https:\/\/srcekrajine.org\/?p=447","title":{"rendered":"EU ve\u0107 podelila Kosovo kao Kipar!"},"content":{"rendered":"<div class=\"content\">\n<div class=\"field field-type-image field-field-image-for-teaser\" style=\"float: right\">\n<div class=\"field-item\"><img loading=\"lazy\" decoding=\"async\" src=\"http:\/\/www.glas-javnosti.rs\/\/files\/image_for_teaser\/OLIVER.jpg\" border=\"0\" width=\"350\" height=\"270\" \/><\/div>\n<\/p><\/div>\n<p>BEOGRAD &#8211; Evropska unija mnogo ranije je napravila podelu Kosova po  kiparskom modelu, samo je pitanje kako \u0107e je modifikovati u na\u0161em  slu\u010daju. <\/p>\n<p> <!--more--> <\/p>\n<p>To je jedan od modaliteta u re\u0161enju kosovskog problema!<br \/> Ovo je stav Olivera Ivanovi\u0107a, dr\u017eavnog sekretara u Ministarstvu za  Kosovo i Metohiju, koji u intervjuu za Kurir ka\u017ee da je EU preuzela  odgovornost za ju\u017enu pokrajinu.<br \/> &#8211; Prilikom dono\u0161enja odluke o viznoj liberalizaciji EU je tra\u017eila da se  isklju\u010di Kosovo, ba\u0161 kao u kiparskom slu\u010daju. Mnogo pre toga odr\u017ean je  Solunski samit, na kojem je dogovoreno da Kosovo ima poseban mehanizam  za pridru\u017eivanje EU. Ve\u0107 tada je napravljena podela kao na Kipru.  Fakti\u010dki, oni su tu ideju ve\u0107 promovisali, samo je pitanje kako \u0107e je u  na\u0161em slu\u010daju modifikovati.<\/p>\n<div class=\"field field-type-text field-field-antrfile\">\n<div class=\"field-item\">\n<p><strong>Na forumima kao Kosovo\/Unmik<\/strong><\/p>\n<p><strong><br \/> <\/strong>Kako re\u0161iti problem u\u010destvovanja Kosova na me\u0111unarodnim  forumima?<br \/> &#8211; U principu, ne protivimo se tome. Ali, samo ako je Kosovo  predstavljeno kao Kosovo\/Unmik ili kao Kosovo\/Rezolucija 1244. To jasno  ukazuje da je pokrajina u prelaznom statusu, do kona\u010dnog re\u0161enja. A ono  \u0107e do\u0107i kad se dogovorimo.<\/p>\n<p><strong>Nedostaje novac<\/strong><\/p>\n<p><strong><br \/> <\/strong>Jedan od problema o kojem govorite jeste i nedostatak novca u  Ministarstvu.<br \/> &#8211; To je veliki problem. Ekonomska kriza je sve pogodila, pa imamo manji  bud\u017eet. Sredstva se koriste za puko pre\u017eivljavanje dr\u017eavne  infrastrukture na Kosovu. Bilo bi dobro da se o tome razmi\u0161lja prilikom  rebalansa bud\u017eeta, jer Srbije u pokrajini nema bez Srba.<\/p>\n<p><strong>Ne znam za\u0161to niko nije i\u0161ao na Kosovo<\/strong><\/p>\n<p><strong><br \/> <\/strong>Kako obja\u0161njavate to \u0161to niko od visokih dr\u017eavnih funkcionera  nije posetio pokrajinu tokom uskr\u0161njih praznika, dok se Fatmir Sejdiju  slikao s na\u0161im ljudima?<br \/> &#8211; Dolazim tamo dugo jer poznajem te ljude, i to ne kao dr\u017eavni sekretar.  Za ostale ne bih da komentari\u0161em.<\/p>\n<\/p><\/div>\n<\/div>\n<p> <strong>Postoji li me\u0111unarodna podr\u0161ka za tu ideju?<br \/> <\/strong>&#8211; Gotovo svi ka\u017eu: ne, ne treba nam novi Kipar. Ali, s druge  strane, oni ne vide alternativu! Nude nam neka druga re\u0161enja, koja nisu  prihvatljiva. Srbija ne\u0107e prihvatiti ni\u0161ta \u0161to bi fakti\u010dki odvojilo  Kosovo.<br \/> <strong>\u00a0<\/strong> <\/p>\n<p><strong>Nije li kiparski model u suprotnosti s dr\u017eavnom strategijom?<\/strong><br \/> &#8211; Dr\u017eavna politika je &#8211; Srbija s Kosovom u EU. Me\u0111utim, u pokrajini se  ne primenjuje pravna regulativa EU. To je, prema mom mi\u0161ljenju, na\u0161a  politika, i to nije u koliziji jedno s drugim.<br \/> <strong>Kad ka\u017eete &#8222;na\u0161a&#8220;, mislite na strategiju Ministarstva za KiM?<br \/> <\/strong>&#8211; Ministarstvo tretira pokrajinu kao deo Srbije. Mislimo da je  problem nere\u0161en, a objektivno re\u0161enje za kona\u010dni status sti\u010de se ulaskom  Srbije u EU. To je okvir za kiparski model.<br \/> <strong>Nedavno ste bili u selu \u017da\u010d, gde su kosovski Albanci prili\u010dno  neugodno do\u010dekali Srbe povratnike.<br \/> <\/strong>&#8211; Srbi su odlu\u010dili da se vrate samoinicijativno. Po\u010deli su da  sumnjaju u dobre namere posrednika. Kad su do\u0161li, odvedeni su na ledinu,  pod \u0161atore, dok se ne steknu bolji uslovi. Tamo imaju zemlju i mogu da  rade na njoj, ali nju koriste Albanci, koji su probali da dr\u017ee mesto pod  opsadom. Nisu uspeli, Srbi su \u010dvrst narod. <\/p>\n<p>\u00a0<\/p>\n<div class=\"field field-type-userreference field-field-article-authors\">\n<h4>      <strong>Sla\u017eete li se s izjavom ministra Gorana Bogdanovi\u0107a da je  povratak slab zbog nedostatka bezbednosti?<\/strong>Bezbednost je uvek najva\u017eniji faktor. Ipak, stanje je bolje nego ranije.  Kosovski Albanci sada imaju dodatno optere\u0107enje me\u0111unarodne zajednice .<\/h4>\n<div class=\"field-items\">   <\/div>\n<\/div>\n<\/div>\n<div class=\"field field-type-userreference field-field-article-authors\">\n<h4>Autor: M . Dobromirovi\u0107<\/h4>\n<div class=\"field-items\">\n<div class=\"field-item\"><a href=\"http:\/\/www.glas-javnosti.rs\/autor\/203\"><br \/><\/a><\/div>\n<\/p><\/div>\n<\/div>\n","protected":false},"excerpt":{"rendered":"<p>BEOGRAD &#8211; Evropska unija mnogo ranije je napravila podelu Kosova po kiparskom modelu, samo je pitanje kako \u0107e je modifikovati u na\u0161em slu\u010daju.<\/p>\n","protected":false},"author":1,"featured_media":0,"comment_status":"open","ping_status":"open","sticky":false,"template":"","format":"standard","meta":{"footnotes":""},"categories":[1],"tags":[],"_links":{"self":[{"href":"https:\/\/srcekrajine.org\/index.php?rest_route=\/wp\/v2\/posts\/447"}],"collection":[{"href":"https:\/\/srcekrajine.org\/index.php?rest_route=\/wp\/v2\/posts"}],"about":[{"href":"https:\/\/srcekrajine.org\/index.php?rest_route=\/wp\/v2\/types\/post"}],"author":[{"embeddable":true,"href":"https:\/\/srcekrajine.org\/index.php?rest_route=\/wp\/v2\/users\/1"}],"replies":[{"embeddable":true,"href":"https:\/\/srcekrajine.org\/index.php?rest_route=%2Fwp%2Fv2%2Fcomments&post=447"}],"version-history":[{"count":0,"href":"https:\/\/srcekrajine.org\/index.php?rest_route=\/wp\/v2\/posts\/447\/revisions"}],"wp:attachment":[{"href":"https:\/\/srcekrajine.org\/index.php?rest_route=%2Fwp%2Fv2%2Fmedia&parent=447"}],"wp:term":[{"taxonomy":"category","embeddable":true,"href":"https:\/\/srcekrajine.org\/index.php?rest_route=%2Fwp%2Fv2%2Fcategories&post=447"},{"taxonomy":"post_tag","embeddable":true,"href":"https:\/\/srcekrajine.org\/index.php?rest_route=%2Fwp%2Fv2%2Ftags&post=447"}],"curies":[{"name":"wp","href":"https:\/\/api.w.org\/{rel}","templated":true}]}}