{"id":4505,"date":"2015-03-24T18:34:17","date_gmt":"2015-03-24T17:34:17","guid":{"rendered":"https:\/\/srcekrajine.org\/?p=4505"},"modified":"2015-03-24T18:34:43","modified_gmt":"2015-03-24T17:34:43","slug":"srusio-se-german-wings","status":"publish","type":"post","link":"https:\/\/srcekrajine.org\/?p=4505","title":{"rendered":"Sru\u0161io se avion German Wings"},"content":{"rendered":"<p><span class=\"author\">Novosti online \/ Agencije<\/span> | 24. mart 2015.<\/p>\n<div class=\"gallery\">\n<div class=\"imgb\"><a class=\"verticalArticleImage cboxElement\" href=\"http:\/\/www.novosti.rs\/upload\/images\/2015\/\/03\/24n\/ave.jpg\"> <img decoding=\"async\" src=\"http:\/\/www.novosti.rs\/upload\/thumbs\/images\/2015\/\/03\/24n\/ave_620x0.jpg\" alt=\" Ostaci aviona u Alpima, Foto Twitter \" \/> <\/a><\/div>\n<\/div>\n<p>BERLIN &#8211; Nema\u010dka aviokompanija German Wings saop\u0161tila je danas da su u avionu, koji se sa 144 putnika i \u0161est \u010dlanova posade sru\u0161io na jugu Francuske, bile i dve bebe.<\/p>\n<div class=\"inlineBanner\"><\/div>\n<p><!--more--><\/p>\n<p>Istovremeno, mediji su objavili da se u avionu nalazilo 16 tinejd\u017eera i dve njihove nastavnice iz nema\u010dke gimnazije, koji su se vra\u0107ali ku\u0107i posle razmene \u0111aka.<\/p>\n<p>Predstavnici nema\u010dke kompanije su odr\u017eali konferenciju za novinare na aerodormu u Diseldorfu, gde je avion trebalo da sleti, na kojoj su zvani\u010dno potvrdili pad letelice i izjavili sau\u010de\u0161\u0107e porodicama \u017ertava.<\/p>\n<p>Oni su obe\u0107ali da \u0107e sa nadle\u017enim organima u\u010diniti sve da se uzroci nesre\u0107e najbr\u017ee i sveobuhvatno rasvetle.<\/p>\n<p>Imena putnika iz aviona nisu saop\u0161tena, a kako je re\u010deno novinarima, lista sa imenima putnika bi\u0107e prvo podeljena \u010dlanovima porodica.<\/p>\n<p>Povodom pada aviona medijima se obratio i francuski premijer Manuel Vals koji je rekao da uzrok pada aviona nije poznat, a ministar unutra\u0161njih poslova Bernar Kaznev se uputio na lice mesta<\/p>\n","protected":false},"excerpt":{"rendered":"<p>Novosti online \/ Agencije | 24. mart 2015. BERLIN &#8211; Nema\u010dka aviokompanija German Wings saop\u0161tila je danas da su u avionu, koji se sa 144 putnika i \u0161est \u010dlanova posade sru\u0161io na jugu Francuske, bile i dve bebe.<\/p>\n","protected":false},"author":2,"featured_media":0,"comment_status":"open","ping_status":"open","sticky":false,"template":"","format":"standard","meta":{"footnotes":""},"categories":[1],"tags":[],"_links":{"self":[{"href":"https:\/\/srcekrajine.org\/index.php?rest_route=\/wp\/v2\/posts\/4505"}],"collection":[{"href":"https:\/\/srcekrajine.org\/index.php?rest_route=\/wp\/v2\/posts"}],"about":[{"href":"https:\/\/srcekrajine.org\/index.php?rest_route=\/wp\/v2\/types\/post"}],"author":[{"embeddable":true,"href":"https:\/\/srcekrajine.org\/index.php?rest_route=\/wp\/v2\/users\/2"}],"replies":[{"embeddable":true,"href":"https:\/\/srcekrajine.org\/index.php?rest_route=%2Fwp%2Fv2%2Fcomments&post=4505"}],"version-history":[{"count":2,"href":"https:\/\/srcekrajine.org\/index.php?rest_route=\/wp\/v2\/posts\/4505\/revisions"}],"predecessor-version":[{"id":4507,"href":"https:\/\/srcekrajine.org\/index.php?rest_route=\/wp\/v2\/posts\/4505\/revisions\/4507"}],"wp:attachment":[{"href":"https:\/\/srcekrajine.org\/index.php?rest_route=%2Fwp%2Fv2%2Fmedia&parent=4505"}],"wp:term":[{"taxonomy":"category","embeddable":true,"href":"https:\/\/srcekrajine.org\/index.php?rest_route=%2Fwp%2Fv2%2Fcategories&post=4505"},{"taxonomy":"post_tag","embeddable":true,"href":"https:\/\/srcekrajine.org\/index.php?rest_route=%2Fwp%2Fv2%2Ftags&post=4505"}],"curies":[{"name":"wp","href":"https:\/\/api.w.org\/{rel}","templated":true}]}}