{"id":453,"date":"2010-04-15T05:45:14","date_gmt":"2010-04-15T03:45:14","guid":{"rendered":"http:\/\/37.251.99.59:5000\/?p=453"},"modified":"2010-04-15T05:45:14","modified_gmt":"2010-04-15T03:45:14","slug":"karadi-tui-svedoka-ahmeta-zulia","status":"publish","type":"post","link":"https:\/\/srcekrajine.org\/?p=453","title":{"rendered":"Karad\u017ei\u0107 tu\u017ei svedoka Ahmeta Zuli\u0107a"},"content":{"rendered":"<div class=\"content\">\n<div class=\"field field-type-image field-field-image-for-teaser\" style=\"float: right\">\n<div class=\"field-item\"><img loading=\"lazy\" decoding=\"async\" src=\"http:\/\/www.glas-javnosti.rs\/\/files\/image_for_teaser\/RADOVAN_0.jpg\" border=\"0\" width=\"350\" height=\"270\" \/><\/div>\n<\/p><\/div>\n<p>HAG &#8211; Biv\u0161i predsednik Republike Srpske Radovan Karad\u017ei\u0107 tu\u017ei\u0107e prvog  svedoka optu\u017ebe Ahmeta Zuli\u0107a zbog &#8222;klevete i la\u017enog svedo\u010denja&#8220;, javio  je AP. <\/p>\n<p> <!--more--> <\/p>\n<p> Karad\u017ei\u0107 navodi da je Zuli\u0107 u utorak, svedo\u010de\u0107i u Ha\u0161kom tribunalu  izmislio podatke koje je izneo o masovnom ubistvu.<br \/> &#8211; Njegovo svedo\u010denje je veoma pristrasno i neiskreno. Smatram da je  izmislio \u010ditav doga\u0111aj i spremam tu\u017ebu &#8211; rekao je biv\u0161i predsednik RS.<\/p>\n<p>Zuli\u0107 je prekju\u010de, odgovaraju\u0107i na pitanja tu\u017eila\u0161tva detaljno opisao  kako su lokalne srpske vlasti u Sanskom Mostu u leto 1992. godine  &#8222;pritvarale, prebijale, proterivale i ubijale muslimane i Hrvate, i da  su, uz pomo\u0107 JNA i paravojnih srpskih formacija, u aprilu iste godine  zapo\u010dele preuzimanje kontrole nad gradom&#8220;.<\/p>\n<p>Predsedavaju\u0107i sudija O Gon Kvon nekoliko puta je tokom unakrsnog  ispitivanja, koje je trajalo vi\u0161e od tri sata, govorio Karad\u017ei\u0107u da  nastavi, naro\u010dito kada je svedoku postavljao niz pitanja o ljudima koje  Zuli\u0107 ne poznaje.<br \/> &#8211; Ne zaboravite da vi ne iznosite dokaze. Samo ispitajte svedoka &#8211; rekao  je sudija.<br \/> Karad\u017ei\u0107, koji tvrdi da su Bo\u0161njaci planirali da pretvore BiH u islamsku  republiku i pre rata od 1992. do 1995. godine, Zuli\u0107u je postavljao  pitanja o muslimanima koji su organizovali oru\u017eani otpor pre izbijanja  rata. Svedok je, me\u0111utim, odgovorio da za to ne zna, ali je priznao da  je kupio mitraljez od jednog Srbina.<\/p>\n<p>Karad\u017ei\u0107, koji je optu\u017een za genocid i zlo\u010dine protiv \u010dove\u010dnosti nad  muslimanima i Hrvatima, tako\u0111e je rekao sudijama da ne planira da  svedo\u010di u sopstvenu odbranu. On je istakao da je potrebno da se  suprotstavi Zuli\u0107evim tvrdnjama da Bo\u0161njaci nisu organizovali oru\u017eani  otpor u njegovom selu pre izbijanja rata &#8222;\u0161to im kasnije mo\u017ee poslu\u017eiti  kao osnova za presudu&#8220;.<br \/> Svoju uvodnu re\u010d tu\u017eila\u0161tvo je dalo krajem oktobra 2009. godine, a  Karad\u017ei\u0107 sredinom februara ove godine, kada je odbacio sve navode  optu\u017ebi Ha\u0161kog tu\u017eil\u0161tva da je odgovoran za genocid i druge ratne  zlo\u010dine tokom rata u BIH.<\/p>\n<p>Autor : Agencija Tanjug <\/p>\n<\/p><\/div>\n","protected":false},"excerpt":{"rendered":"<p>HAG &#8211; Biv\u0161i predsednik Republike Srpske Radovan Karad\u017ei\u0107 tu\u017ei\u0107e prvog svedoka optu\u017ebe Ahmeta Zuli\u0107a zbog &#8222;klevete i la\u017enog svedo\u010denja&#8220;, javio je AP.<\/p>\n","protected":false},"author":1,"featured_media":0,"comment_status":"open","ping_status":"open","sticky":false,"template":"","format":"standard","meta":{"footnotes":""},"categories":[1],"tags":[],"_links":{"self":[{"href":"https:\/\/srcekrajine.org\/index.php?rest_route=\/wp\/v2\/posts\/453"}],"collection":[{"href":"https:\/\/srcekrajine.org\/index.php?rest_route=\/wp\/v2\/posts"}],"about":[{"href":"https:\/\/srcekrajine.org\/index.php?rest_route=\/wp\/v2\/types\/post"}],"author":[{"embeddable":true,"href":"https:\/\/srcekrajine.org\/index.php?rest_route=\/wp\/v2\/users\/1"}],"replies":[{"embeddable":true,"href":"https:\/\/srcekrajine.org\/index.php?rest_route=%2Fwp%2Fv2%2Fcomments&post=453"}],"version-history":[{"count":0,"href":"https:\/\/srcekrajine.org\/index.php?rest_route=\/wp\/v2\/posts\/453\/revisions"}],"wp:attachment":[{"href":"https:\/\/srcekrajine.org\/index.php?rest_route=%2Fwp%2Fv2%2Fmedia&parent=453"}],"wp:term":[{"taxonomy":"category","embeddable":true,"href":"https:\/\/srcekrajine.org\/index.php?rest_route=%2Fwp%2Fv2%2Fcategories&post=453"},{"taxonomy":"post_tag","embeddable":true,"href":"https:\/\/srcekrajine.org\/index.php?rest_route=%2Fwp%2Fv2%2Ftags&post=453"}],"curies":[{"name":"wp","href":"https:\/\/api.w.org\/{rel}","templated":true}]}}