{"id":4544,"date":"2015-03-25T13:15:39","date_gmt":"2015-03-25T12:15:39","guid":{"rendered":"https:\/\/srcekrajine.org\/?p=4544"},"modified":"2015-03-25T13:15:39","modified_gmt":"2015-03-25T12:15:39","slug":"poznate-licnosti-pljuvale-po-srbima-i-srbiji","status":"publish","type":"post","link":"https:\/\/srcekrajine.org\/?p=4544","title":{"rendered":"Poznate licnosti pljuvale po Srbima i Srbiji"},"content":{"rendered":"<h3 class=\"post_date\">Objavljeno: 25\/03\/2015<\/h3>\n<p><a href=\"http:\/\/www.intermagazin.rs\/evo-koje-sve-poznate-licnosti-su-pljuvale-srbe-i-srbiju\/ustinov_2460268b\/\" rel=\"attachment wp-att-118363\"><img loading=\"lazy\" decoding=\"async\" class=\"alignnone  wp-image-118363\" src=\"http:\/\/www.intermagazin.rs\/wp-content\/uploads\/2015\/03\/ustinov_2460268b.jpg\" alt=\"ustinov_2460268b\" width=\"633\" height=\"395\" \/><\/a><\/p>\n<p>Mi, Srbi, poznati smo po tome \u0161to olako opra\u0161tamo, a jo\u0161 br\u017ee zaboravljamo. I to je na\u0161a najve\u0107a tragedija. Dovoljan je samo jedan mali osvrt na sve ono \u0161to su drugi godinama govorili o nama kako bi smo shvatili sve ono \u0161to smo davno zaboravili.<\/p>\n<p>I oprostili.<!--more--><\/p>\n<p>\u201eSrbe treba spokojno bombardovati, jer \u0107e sve brzo zaboraviti\u201d \u2013 govorio je D\u017eejms \u0160ej, portparol NATO-a, marta 1999. ne slute\u0107i koliko je bio u pravu \u0161to se na\u0161e zaboravnosti ti\u010de.<\/p>\n<p>\u201eTrebalo bi da bombardujete Srbe\u201d rekao je Papa Jovan Pavle Drugi. Ove njegove re\u010di bile su upu\u0107ene predsedniku Klintonu tokom javnog pojavljivanja u Denveru.<\/p>\n<p>\u201eSrbi su narod bez zakona i bez vere. To je narod razbojnika i terorista\u201d bila je izjava \u017daka \u0160iraka, tada\u0161njeg predsednika Francuske, za ru\u010dkom, juna 1995. povodom sastanka \u0160efova vlada dr\u017eava \u010dlanica EU. Iste one u koju danas tako vrtoglavo jurimo!<\/p>\n<p>\u201eMolim se da se vatra nebeska obru\u0161i na Srbe\u201d rekao je Otac Pjer, poznati francuski sve\u0161tenik \u2013 humanitarac, po povratku iz Sarajeva i posete Markalama 2, na svojoj konferenciji za \u0161tampu.<\/p>\n<p>\u201e\u0160to se Srba ti\u010de\u2026 To je danas jedan bolestan narod\u201d \u2013 General \u017dak Kot, biv\u0161i komandant UNPROFOR-a u Bosni i Hercegovini, Vojni mese\u010dnik Difens nacional, jun 1997. u Pariz.<\/p>\n<p>\u201eSrbi nisu naro\u010dito pametni\u2026 \u201eSrpska deca se vi\u0161e ne\u0107e smejati\u201d bila je to zlokobna pretnja Lorensa Inglbergera biv\u0161eg dr\u017eavnog sekretara SAD-a.<\/p>\n<p>\u201eSrbi trguju ljudskim organima svojih \u017ertava kako bi obezbedili novac za svoj rat\u2026 Trebalo bi da \u0111avolski bombardujemo Beograd!\u201d izjava Pola D\u017eeksona, urednika lista \u201eKalgari san\u201d za Fani star,13.oktobara 1992.<\/p>\n<p>\u201eMi bismo trebali da Srbiju osudimo na karantin, sve dok se virus koji ona nosi ne izbri\u0161e\u201d \u2013 David Gompert, stariji direktor za Evropu u Savetu za nacionalnu bezbednost u vreme Bu\u0161ove administracije, \u010casopis \u201eForin afers\u201d, jul-avgust 1994.godine.<\/p>\n<p>\u201eSrbe treba baciti na kolena\u201d bila je izjava Klausa Kinkela, nema\u010dkog ministra inostranih poslova, data 27. maja 1992.godine.<\/p>\n<p>\u201eSrbi su zlo\u010dina\u010dki dupeglavci\u201d re\u010de Ri\u010dard Holbruk 6.novembra 1995.godine u \u201eNjujorker\u201d-u, kao tada\u0161nji Klintonov emisar u Jugoslaviji. Isti onaj Ri\u010dard Holbruk koji danas vedri i obla\u010di nad Srbima.<\/p>\n<p>\u201eZaustavite Srbe. Odmah. Zauvek\u201d \u2013 Margaret Ta\u010der, biv\u0161a premijerka Velike Britanije, u \u201eThe New York Times\u201d 4. maj 1994.<\/p>\n<p>\u201dHrvatska ne \u017eeli da u njoj \u017eive ljudi koji pripadaju drugom narodu\u201e. \u2013 Bosiljka Mi\u0161eti\u0107, potpredsednica hrvatske vlade, na press-konferenciji 1995.<br \/>\n\u201d<br \/>\nNema mira dok Srbija ne bude vojno pora\u017eena\u201e \u2013 Sr\u0111a Popovi\u0107, advokat i potpisnik zahteva svetskih intelektualaca za bombardovanje Beograda, u izjavi za zagreba\u010dki \u201dGlobus\u201e oktobra 1994.<\/p>\n<p>\u201dSu\u0161tinski uzrok sukoba je ideologija etni\u010dkog \u010di\u0161\u0107enja koju je obnovio gospodin \u0106osi\u0107, predsednik Srbije, koji je ve\u0107 1990. objavio Memorandum\u201e bila je izjava na francuskoj televiziji \u017daka Delora, biv\u0161eg predsednika EU, u maju 1994.<\/p>\n<p>\u201dUostalom, bosanski Srbi su za nas uvek bili i ostali samo banda razbojnika i ubica\u201e \u2013 Johan Fric, direktor be\u010dkog dnevnika Di Prese i direktor Me\u0111unarodnog Instituta za \u0160tampu. Gle \u010duda! Upravo ovaj Johan Fric imao je, u to vreme, veliku mo\u0107 nad \u0161tampom\u2026i velikog udela u satanizovanju Srba!<\/p>\n<p>\u201dSrbija, nesumnjivi agresor, trebalo bi da bude prisiljena UN rezolucijom da snosi \u010ditav teret reparacija\u201e re\u010de Josif Brodski, ruski jevrejski pesnik-disident i Nobelovac, u dnevniku Interne\u0161enel Herald Tribun, 5. avgusta 1993.<\/p>\n<p>\u201dSrbi su dvodimenzionalan narod sa te\u017enjom ka prostakluku\u2026 \u017divotinje koriste svoje resurse znatno sre\u0111nije nego ovi naopaki stvorovi, \u010dija pripadnost ljudskoj rasi je u velikom zaka\u0161njenju\u201e \u2013 Ser Piter Justinov, glumac i ambasador UNESCO-a, \u201dThe European\u201e 10. jun 1993.<\/p>\n<p>\u201dPredla\u017eem da se srpskoj deci zabrani u \u0161kolama u\u010denje srpske nacionalne poezije\u201e \u2013 prof. dr Rolf-Diter Kluge, direktor slavisti\u010dkog seminara Univerziteta Tibingen, na okruglom stolu Univerziteta u Tibingenu, 1997.<\/p>\n<p>\u201dSrbi su nemilosrdni ljudi, spremni zaklati no\u017eem, \u0161to mogu zahvaliti svom slovenskom poreklu\u201e izjava je Fransoa Kremio-a, pripadnika francuskih snaga SFOR-a,u maju 1995.<\/p>\n<p>\u201dNa nesre\u0107u, nisam pobio sve Srbe\u201e \u2013 Tomislav Mer\u010dep u govoru na kongresu Hrvatske pu\u010danske stranke, Feral Tribune,1995.godine.<\/p>\n<p>\u201dNeka se Srbi podave u sopstvenom smradu\u201e izjava (verovatno njemu najdra\u017ea) Helmuta Kola, nema\u010dkog kancelara, po\u010detkom 1998.godine.<\/p>\n<p>\u201eVodi\u0107emo protiv Srba rat \u2013 diplomatski, ekonomski, politi\u010dki, propagandni i psiholo\u0161ki\u201d \u2013 D\u017eejms Bejker, dr\u017eavni sekretar SAD-a na ameri\u010dkoj TV, jun 1992.<\/p>\n<p>\u201eOvo je borba izme\u0111u dobra i zla, a NATO ne\u0107e dozvoliti da zlo nadvlada\u201d \u2013 Vilijam Koen, ameri\u010dki dr\u017eavni sekretar za odbranu, prole\u0107e 1999.<\/p>\n<p>\u201eRat protiv Srba nije vi\u010de samo vojni sukob. To je bitka izme\u0111u dobra i zla, izme\u0111u civilizacije i varvarstva\u201d \u2013 Toni Bler, britanski premijer tokom NATO agresije na Srbiju 1999.godine.<\/p>\n<p>\u201eSrbi sprovode teror i siluju albansku decu\u201d \u2013 Bil Klinton, ameri\u010dki predsednik, govor na proslavi 50-godi\u0161njice NATO pakta u Va\u0161ingtonu, 23-25.april 1999.<\/p>\n<p>\u201dPro\u0161le nedelje imali smo devetoro ubijenih Srba, ove nedelje \u2013 osmoro. To je jasan napredak\u201e \u2013 Bernar Ku\u0161ner, \u0160ef civilne misije UN na Kosovu i Metohiji u izjavi za TV \u201dFrance 2\u201e krajem marta 2000. Isti onaj koji se izdaje za velikog \u201dmirotvorca\u201e!<\/p>\n<p>Nobelovac Ginter Gras, napominju\u0107i 26.marta ,dva dana posle po\u010detka bombardovanja Jugoslavije da nije pacifista, na otvaranju Sajma knjiga u Lajpcigu rekao je :\u201c Krajnje je bilo vreme da se Jugoslavija napadne, nadam se da nije prekasno\u201c!<\/p>\n<p>Sve su ove izjave, danas zaboravljene !<\/p>\n<p>Izbor iz knjige Zorana Petrovi\u0107a \u201dIzbrisati srpski virus\u201c\u201e.<\/p>\n<p><strong>Me\u0111utim, kako na\u0161 narod voli da ka\u017ee da \u201emnogo vi\u0161e boli kada te tvoj ujede za srce\u201c. . .<br \/>\n<\/strong><\/p>\n<p>Tako i ja ne mogu,a da se ne setim i na\u0161eg \u201evelikog\u201c (?!) dr Zorana \u0110in\u0111i\u0107a! Upravo onog koga danas mnogi veli\u010daju i preuveli\u010davaju. Posebno zanimljiv izvor je, ni manje, ni vi\u0161e nego Njujork Tajms! I jo\u0161 zanimljivije je upravo to \u0161to je ovu izjavu, pored \u201edragog\u201c nam Zorana, potpisao i aktuelni predsednik Crne Gore \u2013 Milo \u0110ukanovi\u0107! Nije li to onaj isti koji je nedavno priznao nezavisnost Kosova?!<\/p>\n<p>Potrebno je citirati i komentar novinara da bi se shvatilo kako su \u201eMilo i Zoki\u201c,u naizgled uvijenoj formi, otvoreno podr\u017eali bombardovanje Srbije.A sve u ime svojih politi\u010dkih ciljeva!<\/p>\n<p>\u201eNew York Times\u201d, May 1999.<\/p>\n<p>Joint statement of Milo \u0110ukanovi\u0107 and Zoran Djindjic : \u201e\u2026If the war finishes with signature on peace agreement with the same leadership with Slobodan Milosevic on top, tragedy and violence will continue.<\/p>\n<p>Stability of Yugoslavia is of the main importance because of its geographic position in Balkan and its role in determing stability or instability of its neighbors, Bosnia and Herzegovina, Macedonia and Albania. Up to now, however, international strategy for Yugoslavia has been conducting the crises, while the roots of the crises were being neglected\u2026.\u201c<\/p>\n<p>Komentar nema\u010dkog novinara Klausa Hartmanna u vezi ove zajedni\u010dke izjave Mila \u0110ukanovi\u0107a i Zorana \u0110in\u0111i\u0107a iz maja 1999 godine bio je :<\/p>\n<p>\u201eDjindjic liebte die Bombe auch, aber diplomatisch\u201c<br \/>\nU prevodu \u2013 \u201e\u0110in\u0111i\u0107 je tako\u0111e voleo bombe, ali na \u201cdiplomatski na\u010din\u201d!\u201c<\/p>\n<p>U prilog tome ide i \u010duveni njegov intervju za nema\u010dki list \u201c\u0160pigl\u201d, gde je za vreme NATO bombardovanja Jugoslavije rekao slede\u0107e:<\/p>\n<p>\u201cJugoslavija se mora bombardovati \u2026 samo nastavite da bombardujete popusti\u0107e oni\u201d\u2019 (Der Spiegel 20\/1999).<\/p>\n<p>Mi smo Srbi poznati po tome \u0161to olako opra\u0161tamo i jo\u0161 br\u017ee zaboravljamo. To je na\u0161a najve\u0107a tragedija. Dovoljan je samo osvrt na sve \u0161to su drugi govorili o nama kako bi smo shvatili sve ono \u0161to smo davno zaboravili, kako bi smo shvatili koliko smo mali.<\/p>\n<p>\u201eSrbe treba spokojno bombardovati, jer \u0107e sve brzo zaboraviti\u201d rekao je D\u017eejms \u0160ej i ne slute\u0107i koliko je bio u pravu.<\/p>\n<p>NE ZABORAVI NIKAD !<br \/>\nNE OPROSTI NIKAD !<br \/>\nPAMTI ZAUVEK<br \/>\nNATO BOMBARDOVANJE 1999 !<\/p>\n","protected":false},"excerpt":{"rendered":"<p>Objavljeno: 25\/03\/2015 Mi, Srbi, poznati smo po tome \u0161to olako opra\u0161tamo, a jo\u0161 br\u017ee zaboravljamo. I to je na\u0161a najve\u0107a tragedija. Dovoljan je samo jedan mali osvrt na sve ono \u0161to su drugi godinama govorili o nama kako bi smo shvatili sve ono \u0161to smo davno zaboravili. I oprostili.<\/p>\n","protected":false},"author":2,"featured_media":0,"comment_status":"open","ping_status":"open","sticky":false,"template":"","format":"standard","meta":{"footnotes":""},"categories":[1],"tags":[],"_links":{"self":[{"href":"https:\/\/srcekrajine.org\/index.php?rest_route=\/wp\/v2\/posts\/4544"}],"collection":[{"href":"https:\/\/srcekrajine.org\/index.php?rest_route=\/wp\/v2\/posts"}],"about":[{"href":"https:\/\/srcekrajine.org\/index.php?rest_route=\/wp\/v2\/types\/post"}],"author":[{"embeddable":true,"href":"https:\/\/srcekrajine.org\/index.php?rest_route=\/wp\/v2\/users\/2"}],"replies":[{"embeddable":true,"href":"https:\/\/srcekrajine.org\/index.php?rest_route=%2Fwp%2Fv2%2Fcomments&post=4544"}],"version-history":[{"count":1,"href":"https:\/\/srcekrajine.org\/index.php?rest_route=\/wp\/v2\/posts\/4544\/revisions"}],"predecessor-version":[{"id":4545,"href":"https:\/\/srcekrajine.org\/index.php?rest_route=\/wp\/v2\/posts\/4544\/revisions\/4545"}],"wp:attachment":[{"href":"https:\/\/srcekrajine.org\/index.php?rest_route=%2Fwp%2Fv2%2Fmedia&parent=4544"}],"wp:term":[{"taxonomy":"category","embeddable":true,"href":"https:\/\/srcekrajine.org\/index.php?rest_route=%2Fwp%2Fv2%2Fcategories&post=4544"},{"taxonomy":"post_tag","embeddable":true,"href":"https:\/\/srcekrajine.org\/index.php?rest_route=%2Fwp%2Fv2%2Ftags&post=4544"}],"curies":[{"name":"wp","href":"https:\/\/api.w.org\/{rel}","templated":true}]}}