{"id":456,"date":"2010-04-18T07:34:44","date_gmt":"2010-04-18T05:34:44","guid":{"rendered":"http:\/\/37.251.99.59:5000\/?p=456"},"modified":"2010-04-18T07:34:44","modified_gmt":"2010-04-18T05:34:44","slug":"zatvoreno-nebo-nad-srbijom","status":"publish","type":"post","link":"https:\/\/srcekrajine.org\/?p=456","title":{"rendered":"Zatvoreno nebo nad Srbijom"},"content":{"rendered":"<h2 class=\"main-title\"><\/h2>\n<div class=\"content\">\n<div class=\"field field-type-image field-field-image-for-teaser\" style=\"float: right\">\n<div class=\"field-item\"><img loading=\"lazy\" decoding=\"async\" src=\"http:\/\/www.glas-javnosti.rs\/\/files\/image_for_teaser\/oblak.jpg\" border=\"0\" width=\"340\" height=\"262\" \/><\/div>\n<\/p><\/div>\n<p>BEOGRAD &#8211; Agencija za kontrolu letenja ju\u010de je ta\u010dno u 16 sati izdala  naredbu da je vazdu\u0161ni prostor dr\u017eave zatvoren i da nijedan avion na  teritoriji Srbije ne mo\u017ee da poleti. <\/p>\n<p> <!--more-->  <\/p>\n<p>Velimir Radosavljevi\u0107, direktor Aerodroma &#8222;Nikola Tesla&#8220;, za Kurir  ka\u017ee da niko u ovom trenutku ne mo\u017ee da ka\u017ee kad \u0107e avioni mo\u0107i ponovo  da lete.<br \/> &#8211; Na osnovu svih pokazatelja, Kontrola leta izdala je saop\u0161tenje da se  vulkanski oblak nalazi iznad Beograda i mi se samo toga pridr\u017eavamo.  Stanje se prati, ali u ovom trenutku niko ne mo\u017ee da ka\u017ee kad \u0107e  vazdu\u0161ni prostor ponovo biti otvoren &#8211; uverava Radosavljevi\u0107. <\/p>\n<p>Bruno Genel, izvr\u0161ni direktor Centra oblasne kontrole letenja  Beograd, tvrdi da je re\u010d o preventivnoj meri koja treba da doprinese  o\u010duvanju bezbednosti letenja.<\/p>\n<div class=\"field field-type-text  field-field-antrfile\">\n<div class=\"field-item\">\n<p>Nema mesta panici <\/p>\n<p>Sne\u017eana Mati\u0107-Besarbi\u0107 iz Instituta za javno zdravlje Beograda tvrdi  da nema mesta panici.<br \/> &#8211; Kao prvo, oblak se nalazi na velikoj visini, na oko pet kilometara od  zemlje. Drugo, sve zavisi u kom pravcu \u0107e se kretati, da li \u0107e to biti  urbane ili ruralne sredine. Na teritoriji Beograda postoji pet mernih  mesta, uklju\u010duju\u0107i Obrenovac i Lazarevac, i do sada ure\u0111aji nisu  registrovali nikave \u0161tetne \u010destice. Me\u0111utim, istina je i to da bi  \u010desticama iz vulkanskog oblaka trebalo neko vreme, odnosno od dva do tri  dana da do\u0111u do nas &#8211; obja\u0161njava Besarbi\u0107eva i najavljuje da \u0107e gra\u0111ani  biti blagovremeno upozoreni ukoliko se uka\u017ee potreba. <\/p>\n<p>\u00a0<\/p>\n<\/div>\n<\/div>\n<p> &#8211; Ovo smo radili samo na treninzima, kao teoriju, i ovo se prvi put  desilo ne samo nama nego i u svetu &#8211; ka\u017ee Genel.  <\/p>\n<p>Dragan Milovanovi\u0107, profesor Rudarsko-geolo\u0161kog fakulteta, ka\u017ee da \u0107e  vulkanski pepeo, i ako stigne do tla, biti veoma razre\u0111en i da ne\u0107e  doneti otrovne materije.<br \/> &#8211; Opreznost nije na odmet, ali gra\u0111ani ne treba da strahuju za svoje  zdravlje. Erupcija vulkana i lava koja se iz njega izlila doveli su do  topljenja gle\u010dera, koji je zbog visokih temperatura pre\u0161ao u vodenu  paru, formiraju\u0107i oblak koji nose vazdu\u0161na strujanja &#8211; naglasio je  Milovanovi\u0107. <\/p>\n<p>Oliver Duli\u0107, ministar \u017eivotne sredine i prostornog planiranja, ka\u017ee  da u ovom trenutku ne postoji bojazan da \u0107e oblak vulkanske pra\u0161ine  imati posledice po ljudsko zdravlje i uobi\u010dajen tok \u017eivota u Srbiji.<br \/> &#8211; Nema velike potrebe za brigom u ovom trenutku niti za \u0161irenjem panike.  Srbiji \u0107e se desiti ono \u0161to i celoj Evropi i problemi koji budu  nastajali bi\u0107e uglavnom vezani za avio-transport.<br \/> Ministar je rekao i da su stru\u010dnjaci ve\u0107 dali preporuke za eventualno  pogor\u0161anje situacije i da \u0107e gra\u0111ani preko medija dobijati prava  uputstva.<\/p>\n<p>Autor: Sandra Mali\u0161i\u0107 <\/p>\n<\/p><\/div>\n","protected":false},"excerpt":{"rendered":"<p>BEOGRAD &#8211; Agencija za kontrolu letenja ju\u010de je ta\u010dno u 16 sati izdala naredbu da je vazdu\u0161ni prostor dr\u017eave zatvoren i da nijedan avion na teritoriji Srbije ne mo\u017ee da poleti.<\/p>\n","protected":false},"author":1,"featured_media":0,"comment_status":"open","ping_status":"open","sticky":false,"template":"","format":"standard","meta":{"footnotes":""},"categories":[1],"tags":[],"_links":{"self":[{"href":"https:\/\/srcekrajine.org\/index.php?rest_route=\/wp\/v2\/posts\/456"}],"collection":[{"href":"https:\/\/srcekrajine.org\/index.php?rest_route=\/wp\/v2\/posts"}],"about":[{"href":"https:\/\/srcekrajine.org\/index.php?rest_route=\/wp\/v2\/types\/post"}],"author":[{"embeddable":true,"href":"https:\/\/srcekrajine.org\/index.php?rest_route=\/wp\/v2\/users\/1"}],"replies":[{"embeddable":true,"href":"https:\/\/srcekrajine.org\/index.php?rest_route=%2Fwp%2Fv2%2Fcomments&post=456"}],"version-history":[{"count":0,"href":"https:\/\/srcekrajine.org\/index.php?rest_route=\/wp\/v2\/posts\/456\/revisions"}],"wp:attachment":[{"href":"https:\/\/srcekrajine.org\/index.php?rest_route=%2Fwp%2Fv2%2Fmedia&parent=456"}],"wp:term":[{"taxonomy":"category","embeddable":true,"href":"https:\/\/srcekrajine.org\/index.php?rest_route=%2Fwp%2Fv2%2Fcategories&post=456"},{"taxonomy":"post_tag","embeddable":true,"href":"https:\/\/srcekrajine.org\/index.php?rest_route=%2Fwp%2Fv2%2Ftags&post=456"}],"curies":[{"name":"wp","href":"https:\/\/api.w.org\/{rel}","templated":true}]}}